{"id":2765,"date":"2018-07-27T22:16:12","date_gmt":"2018-07-27T22:16:12","guid":{"rendered":"http:\/\/www.fcedu.uner.edu.ar\/medianayterceraedad\/?p=2765"},"modified":"2018-07-30T21:49:23","modified_gmt":"2018-07-30T21:49:23","slug":"aprender-compartir-y-disfrutar-nuevas-propuestas-educativas-para-adultos-y-adultos-mayores","status":"publish","type":"post","link":"https:\/\/www.fcedu.uner.edu.ar\/medianayterceraedad\/?p=2765","title":{"rendered":"Aprender, compartir y disfrutar: nuevas propuestas educativas para adultos y adultos mayores"},"content":{"rendered":"<p><span style=\"color: #333333;\"><strong>En el Departamento de la Mediana y Tercera Edad de la FCEDU se llevar\u00e1n a cabo nuevos cursos y talleres en el segundo trimestre 2018. Iniciar\u00e1n en la semana del 6 de agosto. Son espacios que favorecen la estimulaci\u00f3n cognitiva, la socializaci\u00f3n y la calidad de vida. Las inscripciones ser\u00e1n del 23 de julio al 3 de agosto.<\/strong><\/span><\/p>\n<hr \/>\n<p><span style=\"color: #333333;\">A partir de agosto continuar\u00e1n las propuestas que ofrece la <a style=\"color: #333333;\" href=\"https:\/\/www.fcedu.uner.edu.ar\/\"><strong>Facultad de Ciencias de la Educaci\u00f3n de la Universidad Nacional de Entre R\u00edos (UNER)<\/strong><\/a> para adultos y adultos mayores a trav\u00e9s del programa 2018 del <a style=\"color: #333333;\" href=\"https:\/\/www.fcedu.uner.edu.ar\/medianayterceraedad\/?page_id=1684\"><strong>Departamento de la Mediana y Tercera Edad<\/strong><\/a>. Mediante los diversos espacios que ofrece el Departamento se propicia la creatividad individual y colectiva de los alumnos, quienes trabajan desde sus posibilidades y potencialidades.<\/span><\/p>\n<p><span style=\"color: #333333;\"><img decoding=\"async\" loading=\"lazy\" class=\"size-medium wp-image-2778 alignleft\" src=\"https:\/\/www.fcedu.uner.edu.ar\/medianayterceraedad\/wp-content\/uploads\/2018\/07\/WhatsApp-Image-2018-07-26-at-13.21.01-300x300.jpeg\" alt=\"\" width=\"300\" height=\"300\" srcset=\"https:\/\/www.fcedu.uner.edu.ar\/medianayterceraedad\/wp-content\/uploads\/2018\/07\/WhatsApp-Image-2018-07-26-at-13.21.01-300x300.jpeg 300w, https:\/\/www.fcedu.uner.edu.ar\/medianayterceraedad\/wp-content\/uploads\/2018\/07\/WhatsApp-Image-2018-07-26-at-13.21.01-150x150.jpeg 150w, https:\/\/www.fcedu.uner.edu.ar\/medianayterceraedad\/wp-content\/uploads\/2018\/07\/WhatsApp-Image-2018-07-26-at-13.21.01-768x765.jpeg 768w, https:\/\/www.fcedu.uner.edu.ar\/medianayterceraedad\/wp-content\/uploads\/2018\/07\/WhatsApp-Image-2018-07-26-at-13.21.01-400x400.jpeg 400w, https:\/\/www.fcedu.uner.edu.ar\/medianayterceraedad\/wp-content\/uploads\/2018\/07\/WhatsApp-Image-2018-07-26-at-13.21.01.jpeg 1000w\" sizes=\"(max-width: 300px) 100vw, 300px\" \/>Algunas de las nuevas propuestas son <strong>\u201cUna traves\u00eda por museos de Arte\u201d<\/strong>, a cargo de la licenciada <strong>Cristina Dom\u00ednguez<\/strong>, los mi\u00e9rcoles de 18 a 19:30; <strong>\u201cFolclore\u201d<\/strong>, con la profesora <strong>Mar\u00eda Rosa Bertolami<\/strong>, los lunes de 18 a 19:30; <strong>\u201cCiclo de cine\u201d<\/strong>, coordinado por Pablo Russo y Carlos Pages, los mi\u00e9rcoles de 17 a 19; y un <strong>\u201cCine-Debate\u201d<\/strong>, a cargo del profesor <strong>Hern\u00e1n Ceccato<\/strong>, los martes de 15:30 a 17:30.<\/span><\/p>\n<p><span style=\"color: #333333;\">Los amantes de la literatura, podr\u00e1n disfrutar y conocer parte de la obra del autor franc\u00e9s Antoine de Saint-Exupery, con la propuesta que desarrollar\u00e1 la profesora <strong>Rosa Dorbessan<\/strong> los jueves de agosto, de 17 a 18:30:<strong> \u201cAntoine de Saint-Exupery, su humanismo y hero\u00edsmo\u201d.<\/strong> Tambi\u00e9n podr\u00e1n hacerlo con el curso <strong>\u201cEl crimen es una fiesta y otros libros\u201d<\/strong>, que dar\u00e1 los jueves de 17 a 18:30 el escritor premiado con el Fray Mocho, m\u00e1ximo galard\u00f3n dentro de la literatura entrerriana, el profesor <strong>Fernando Kosiak.<\/strong><\/span><\/p>\n<p><span style=\"color: #333333;\">A quienes le interese la historia de determinados fen\u00f3menos, el profesor <strong>Maximiliano Santos<\/strong> <img decoding=\"async\" loading=\"lazy\" class=\"alignright size-medium wp-image-2783\" src=\"https:\/\/www.fcedu.uner.edu.ar\/medianayterceraedad\/wp-content\/uploads\/2018\/07\/economia-300x300.png\" alt=\"\" width=\"300\" height=\"300\" srcset=\"https:\/\/www.fcedu.uner.edu.ar\/medianayterceraedad\/wp-content\/uploads\/2018\/07\/economia-300x300.png 300w, https:\/\/www.fcedu.uner.edu.ar\/medianayterceraedad\/wp-content\/uploads\/2018\/07\/economia-150x150.png 150w, https:\/\/www.fcedu.uner.edu.ar\/medianayterceraedad\/wp-content\/uploads\/2018\/07\/economia-400x400.png 400w, https:\/\/www.fcedu.uner.edu.ar\/medianayterceraedad\/wp-content\/uploads\/2018\/07\/economia.png 567w\" sizes=\"(max-width: 300px) 100vw, 300px\" \/>se referir\u00e1 a \u201c<strong>Moda: historia y tendencias\u201d<\/strong>. La invitaci\u00f3n es para los jueves de 16:30 a 18:30. Tambi\u00e9n hay una propuesta para quienes deseen conocer herramientas del Derecho que les permita sortear diversas situaciones a las que \u00faltimamente cada vez m\u00e1s nos expone la vida diaria. El curso <strong>\u201cEl derecho d\u00eda a d\u00eda\u201d<\/strong>, estar\u00e1 a cargo de la doctora<strong> Silvia Aguiar<\/strong>, y se dar\u00e1 los jueves de 18 a 19:30. En otro orden, el profesor universitario y economista Luis Laferriere nos ayudar\u00e1 a pensar en \u201cClaves para entender la econom\u00eda pol\u00edtica actual\u201d. Ser\u00e1 cada quince d\u00edas, los viernes de 18 a 20.<\/span><\/p>\n<p><span style=\"color: #333333;\">Hay talleres para quienes disfrutan tambi\u00e9n de la naturaleza con <strong>\u201cDise\u00f1o de jardines: orqu\u00eddeas y jardines en peque\u00f1os espacios\u201d<\/strong>. En este caso, el espacio estar\u00e1 coordinado por las profesoras <strong>Adriana Zorzet y\u00a0Myriam Mart\u00ednez<\/strong>, los mi\u00e9rcoles de 15:30 a 18:30.<\/span><\/p>\n<p><span style=\"color: #333333;\"><img decoding=\"async\" loading=\"lazy\" class=\"size-medium wp-image-2782 alignleft\" src=\"https:\/\/www.fcedu.uner.edu.ar\/medianayterceraedad\/wp-content\/uploads\/2018\/07\/dise\u00f1o-de-jardines-300x300.png\" alt=\"\" width=\"300\" height=\"300\" srcset=\"https:\/\/www.fcedu.uner.edu.ar\/medianayterceraedad\/wp-content\/uploads\/2018\/07\/dise\u00f1o-de-jardines-300x300.png 300w, https:\/\/www.fcedu.uner.edu.ar\/medianayterceraedad\/wp-content\/uploads\/2018\/07\/dise\u00f1o-de-jardines-150x150.png 150w, https:\/\/www.fcedu.uner.edu.ar\/medianayterceraedad\/wp-content\/uploads\/2018\/07\/dise\u00f1o-de-jardines-400x400.png 400w, https:\/\/www.fcedu.uner.edu.ar\/medianayterceraedad\/wp-content\/uploads\/2018\/07\/dise\u00f1o-de-jardines.png 567w\" sizes=\"(max-width: 300px) 100vw, 300px\" \/>Teatro y narraci\u00f3n est\u00e1 contemplado tambi\u00e9n en el programa de los cursos y talleres del segundo trimestre de 2018. Es el caso del <strong>\u201cTaller de Teatro Iniciaci\u00f3n\u201d<\/strong>, coordinado por el profesora <strong>Gabriela Zonis<\/strong>, mi\u00e9rcoles de 16 a 18; y el de <strong>\u201cFormaci\u00f3n de Narradores\u201d<\/strong>, desarrollado por la licenciada<strong> Elin Rodr\u00edguez<\/strong>, mi\u00e9rcoles de 17 a 19.<\/span><\/p>\n<p><span style=\"color: #333333;\"><strong>\u201cManejo de celulares y tablets\u201d<\/strong> es otro de los talleres que ofrece este espacio de educaci\u00f3n no formal de la Facultad de Ciencias de la Educaci\u00f3n. Estar\u00e1 a cargo del profesor Francisco Gregorutti, y se dar\u00e1 los martes de 17 a 18:30.<\/span><\/p>\n<p><span style=\"color: #333333;\">Adem\u00e1s, contin\u00faa Tomo la palabra: taller de producci\u00f3n period\u00edstica; Paran\u00e1: Historia, patrimonio cultural y legado; Tai Chi Chuan; Biodanza; Espacio Crear: T\u00e9cnicas para un acercamiento a las artes visuales; Reciclado con Ingenio; Ritmos Caribe\u00f1os (varias niveles); Tango (varios niveles); Fotograf\u00eda (varios niveles); Recreaci\u00f3n Dram\u00e1tica Avanzada; Taller Literario, Bit\u00e1cora de Lectura, Teatro de Humor; Radioteatro; Acompa\u00f1amiento en guitarra; Bordado y cultura; Talleres de Canto; Club de Narradores, Computaci\u00f3n (varios niveles); Internet (varios niveles); Estimulaci\u00f3n cognitiva; Entramando Historias: Identidad y desarrollo personal a lo largo de la vida; Franc\u00e9s (varios niveles); Alem\u00e1n avanzado; Italiano (varios niveles), Portugu\u00e9s (varios niveles); e Ingl\u00e9s (varios niveles).<\/span><\/p>\n<p><span style=\"color: #333333;\">En tanto, en las<strong> Aulas Abiertas Itinerantes<\/strong> se ofrece <strong>Fotograf\u00eda e Italiano en Cerrito<\/strong>; <strong>Folclore<\/strong> en el barrio paranaense de <strong>Bajada Grande<\/strong> y <strong>Taller de Producci\u00f3n Radiof\u00f3nica<\/strong> en la <strong>Asociaci\u00f3n Civil Barriletes<\/strong>, tambi\u00e9n en Paran\u00e1.<\/span><\/p>\n<p>&nbsp;<\/p>\n<p><strong><span style=\"font-weight: 400;\"><img decoding=\"async\" loading=\"lazy\" class=\"size-thumbnail wp-image-2777 alignleft\" src=\"https:\/\/www.fcedu.uner.edu.ar\/medianayterceraedad\/wp-content\/uploads\/2018\/07\/teatrp-150x150.png\" alt=\"\" width=\"150\" height=\"150\" srcset=\"https:\/\/www.fcedu.uner.edu.ar\/medianayterceraedad\/wp-content\/uploads\/2018\/07\/teatrp-150x150.png 150w, https:\/\/www.fcedu.uner.edu.ar\/medianayterceraedad\/wp-content\/uploads\/2018\/07\/teatrp-300x300.png 300w, https:\/\/www.fcedu.uner.edu.ar\/medianayterceraedad\/wp-content\/uploads\/2018\/07\/teatrp-400x400.png 400w, https:\/\/www.fcedu.uner.edu.ar\/medianayterceraedad\/wp-content\/uploads\/2018\/07\/teatrp.png 567w\" sizes=\"(max-width: 150px) 100vw, 150px\" \/><img decoding=\"async\" loading=\"lazy\" class=\"size-thumbnail wp-image-2775 alignleft\" src=\"https:\/\/www.fcedu.uner.edu.ar\/medianayterceraedad\/wp-content\/uploads\/2018\/07\/narraci\u00f3n-150x150.png\" alt=\"\" width=\"150\" height=\"150\" srcset=\"https:\/\/www.fcedu.uner.edu.ar\/medianayterceraedad\/wp-content\/uploads\/2018\/07\/narraci\u00f3n-150x150.png 150w, https:\/\/www.fcedu.uner.edu.ar\/medianayterceraedad\/wp-content\/uploads\/2018\/07\/narraci\u00f3n-300x300.png 300w, https:\/\/www.fcedu.uner.edu.ar\/medianayterceraedad\/wp-content\/uploads\/2018\/07\/narraci\u00f3n-400x400.png 400w, https:\/\/www.fcedu.uner.edu.ar\/medianayterceraedad\/wp-content\/uploads\/2018\/07\/narraci\u00f3n.png 567w\" sizes=\"(max-width: 150px) 100vw, 150px\" \/><img decoding=\"async\" loading=\"lazy\" class=\"size-thumbnail wp-image-2772 alignleft\" src=\"https:\/\/www.fcedu.uner.edu.ar\/medianayterceraedad\/wp-content\/uploads\/2018\/07\/folklore-150x150.png\" alt=\"\" width=\"150\" height=\"150\" srcset=\"https:\/\/www.fcedu.uner.edu.ar\/medianayterceraedad\/wp-content\/uploads\/2018\/07\/folklore-150x150.png 150w, https:\/\/www.fcedu.uner.edu.ar\/medianayterceraedad\/wp-content\/uploads\/2018\/07\/folklore-300x300.png 300w, https:\/\/www.fcedu.uner.edu.ar\/medianayterceraedad\/wp-content\/uploads\/2018\/07\/folklore-400x400.png 400w, https:\/\/www.fcedu.uner.edu.ar\/medianayterceraedad\/wp-content\/uploads\/2018\/07\/folklore.png 567w\" sizes=\"(max-width: 150px) 100vw, 150px\" \/><img decoding=\"async\" loading=\"lazy\" class=\"alignleft size-thumbnail wp-image-2774\" src=\"https:\/\/www.fcedu.uner.edu.ar\/medianayterceraedad\/wp-content\/uploads\/2018\/07\/moda-150x150.png\" alt=\"\" width=\"150\" height=\"150\" srcset=\"https:\/\/www.fcedu.uner.edu.ar\/medianayterceraedad\/wp-content\/uploads\/2018\/07\/moda-150x150.png 150w, https:\/\/www.fcedu.uner.edu.ar\/medianayterceraedad\/wp-content\/uploads\/2018\/07\/moda-300x300.png 300w, https:\/\/www.fcedu.uner.edu.ar\/medianayterceraedad\/wp-content\/uploads\/2018\/07\/moda-400x400.png 400w, https:\/\/www.fcedu.uner.edu.ar\/medianayterceraedad\/wp-content\/uploads\/2018\/07\/moda.png 567w\" sizes=\"(max-width: 150px) 100vw, 150px\" \/><\/span><\/strong><\/p>\n<p>&nbsp;<\/p>\n<p>&nbsp;<\/p>\n<p>&nbsp;<\/p>\n<p>&nbsp;<\/p>\n<p><strong><span style=\"font-weight: 400;\">\u00a0<\/p>\n<div class=\"gdlr-shortcode-wrapper\">\n<div class=\"gdlr-box-with-icon-ux gdlr-ux\">\n<div class=\"gdlr-item gdlr-box-with-icon-item pos-left type-normal\" ><i class=\"fa fa-info\"  style=\"color:#4984d5;\" ><\/i><\/p>\n<h4 class=\"box-with-icon-title\">Informes e inscripci\u00f3n<\/h4>\n<div class=\"clear\"><\/div>\n<div class=\"box-with-icon-caption\"><\/div>\n<\/div>\n<\/div>\n<\/div>\n<p><\/span><\/strong><\/p>\n<p><span style=\"color: #333333;\">Los interesados en obtener informaci\u00f3n sobre los talleres y cursos del Departamento de la Mediana y Tercera Edad\u00a0 deben dirigirse a la sede de la Facultad de Ciencias de la Educaci\u00f3n, UNER, Alameda de la Federaci\u00f3n 115, los lunes, mi\u00e9rcoles, jueves y viernes de 16:00 a 19:00, mientras que, los martes de 9:00 a 12:00.<\/span><br \/>\n<span style=\"color: #333333;\"> Para informes e inscripciones, los interesados deber\u00e1n hacerlo desde el 23 de julio hasta el 3 de agosto. Las clases del segundo trimestre iniciar\u00e1n en la semana del 6 de agosto. Para informes, tambi\u00e9n pueden comunicarse por las siguientes v\u00edas<\/span><br \/>\n<span style=\"color: #333333;\"> Telef\u00f3nicamente al Tel, 0343 4222033-4230657 interno49<\/span><br \/>\n<span style=\"color: #333333;\"> Mail: departamentotres@gmail.com<\/span><br \/>\n<span style=\"color: #333333;\"> Facebook: Departamento de la Mediana y Tercera Edad-FCEDU<\/span><\/p>\n<p>&nbsp;<\/p>\n","protected":false},"excerpt":{"rendered":"<p>En el Departamento de la Mediana y Tercera Edad de la FCEDU se llevar\u00e1n a cabo nuevos cursos y talleres en el segundo trimestre 2018. Iniciar\u00e1n en la semana del 6 de agosto. Son espacios que favorecen la estimulaci\u00f3n cognitiva, la socializaci\u00f3n y la calidad de vida. Las inscripciones ser\u00e1n del 23 de julio al&#8230; <\/p>\n<div class=\"clear\"><\/div>\n<p><a href=\"https:\/\/www.fcedu.uner.edu.ar\/medianayterceraedad\/?p=2765\" class=\"excerpt-read-more\">Read More<i class=\"fa fa-caret-right icon-caret-right\"><\/i><\/a><\/p>\n","protected":false},"author":1,"featured_media":2786,"comment_status":"open","ping_status":"open","sticky":false,"template":"","format":"gallery","meta":{"footnotes":""},"categories":[1],"tags":[],"_links":{"self":[{"href":"https:\/\/www.fcedu.uner.edu.ar\/medianayterceraedad\/index.php?rest_route=\/wp\/v2\/posts\/2765"}],"collection":[{"href":"https:\/\/www.fcedu.uner.edu.ar\/medianayterceraedad\/index.php?rest_route=\/wp\/v2\/posts"}],"about":[{"href":"https:\/\/www.fcedu.uner.edu.ar\/medianayterceraedad\/index.php?rest_route=\/wp\/v2\/types\/post"}],"author":[{"embeddable":true,"href":"https:\/\/www.fcedu.uner.edu.ar\/medianayterceraedad\/index.php?rest_route=\/wp\/v2\/users\/1"}],"replies":[{"embeddable":true,"href":"https:\/\/www.fcedu.uner.edu.ar\/medianayterceraedad\/index.php?rest_route=%2Fwp%2Fv2%2Fcomments&post=2765"}],"version-history":[{"count":15,"href":"https:\/\/www.fcedu.uner.edu.ar\/medianayterceraedad\/index.php?rest_route=\/wp\/v2\/posts\/2765\/revisions"}],"predecessor-version":[{"id":2829,"href":"https:\/\/www.fcedu.uner.edu.ar\/medianayterceraedad\/index.php?rest_route=\/wp\/v2\/posts\/2765\/revisions\/2829"}],"wp:featuredmedia":[{"embeddable":true,"href":"https:\/\/www.fcedu.uner.edu.ar\/medianayterceraedad\/index.php?rest_route=\/wp\/v2\/media\/2786"}],"wp:attachment":[{"href":"https:\/\/www.fcedu.uner.edu.ar\/medianayterceraedad\/index.php?rest_route=%2Fwp%2Fv2%2Fmedia&parent=2765"}],"wp:term":[{"taxonomy":"category","embeddable":true,"href":"https:\/\/www.fcedu.uner.edu.ar\/medianayterceraedad\/index.php?rest_route=%2Fwp%2Fv2%2Fcategories&post=2765"},{"taxonomy":"post_tag","embeddable":true,"href":"https:\/\/www.fcedu.uner.edu.ar\/medianayterceraedad\/index.php?rest_route=%2Fwp%2Fv2%2Ftags&post=2765"}],"curies":[{"name":"wp","href":"https:\/\/api.w.org\/{rel}","templated":true}]}}