{"id":2770,"date":"2018-07-30T01:46:06","date_gmt":"2018-07-30T01:46:06","guid":{"rendered":"http:\/\/www.fcedu.uner.edu.ar\/medianayterceraedad\/?p=2770"},"modified":"2018-07-30T01:53:49","modified_gmt":"2018-07-30T01:53:49","slug":"el-cine-un-pretexto-y-lugar-de-encuentro-para-los-curiosos","status":"publish","type":"post","link":"https:\/\/www.fcedu.uner.edu.ar\/medianayterceraedad\/?p=2770","title":{"rendered":"El cine: un pretexto y lugar de encuentro para los curiosos"},"content":{"rendered":"<p><span style=\"color: #333333;\"><strong>Los apasionados del s\u00e9ptimo arte encontrar\u00e1n es el Cine Debate una posibilidad de dialogar y reflexionar acerca de las obras de diversos realizadores. Se proyectar\u00e1n films de Muchnick, Bergman, Pasolini y Bu\u00f1uel. La invitaci\u00f3n es para los martes de agosto, a partir de las 15:30, en el Departamento de la Mediana y Tercera Edad de la Facultad de Ciencias de la Educaci\u00f3n (UNER).<\/strong><\/span><\/p>\n<hr \/>\n<p><span style=\"color: #333333;\"><img decoding=\"async\" loading=\"lazy\" class=\"alignleft size-medium wp-image-2820\" src=\"https:\/\/www.fcedu.uner.edu.ar\/medianayterceraedad\/wp-content\/uploads\/2018\/07\/toto-215x300.jpeg\" alt=\"\" width=\"215\" height=\"300\" srcset=\"https:\/\/www.fcedu.uner.edu.ar\/medianayterceraedad\/wp-content\/uploads\/2018\/07\/toto-215x300.jpeg 215w, https:\/\/www.fcedu.uner.edu.ar\/medianayterceraedad\/wp-content\/uploads\/2018\/07\/toto-768x1070.jpeg 768w, https:\/\/www.fcedu.uner.edu.ar\/medianayterceraedad\/wp-content\/uploads\/2018\/07\/toto-735x1024.jpeg 735w, https:\/\/www.fcedu.uner.edu.ar\/medianayterceraedad\/wp-content\/uploads\/2018\/07\/toto.jpeg 1000w\" sizes=\"(max-width: 215px) 100vw, 215px\" \/>Tanto curiosos como amantes del cine hallar\u00e1n en este espacio de <strong>Cine Debate<\/strong> que ofrece el <strong>Departamento de la Mediana y Tercera Edad<\/strong> una <strong>oportunidad de disfrute, di\u00e1logo y reflexi\u00f3n<\/strong>. La modalidad de quien facilita la iniciativa, <strong>Hern\u00e1n Ceccato,<\/strong> es brindar una breve introducci\u00f3n y contextualizaci\u00f3n sobre la obra del director, proyectar la pel\u00edcula de turno y, posteriormente, promover el intercambio de ideas.<\/span><\/p>\n<p><span style=\"color: #333333;\"><strong>Hern\u00e1n Daniel Ceccato<\/strong> es <strong>periodista cultural especializado en cine<\/strong>; programador y organizador de ciclos de proyecciones en el Instituto Superior de Cine y Artes Audiovisuales \u201cFernando Birri\u201d, de Santa Fe; locutor y estudiante avanzado de la Licenciatura en Periodismo y Comunicaci\u00f3n, de la Universidad Nacional del Litoral.<\/span><\/p>\n<p><span style=\"color: #333333;\">Consultado sobre lo que encontrar\u00e1n los que participen en el Cine Debate, el periodista cultural sostuvo <img decoding=\"async\" loading=\"lazy\" class=\"alignright size-medium wp-image-2822\" src=\"https:\/\/www.fcedu.uner.edu.ar\/medianayterceraedad\/wp-content\/uploads\/2018\/07\/Fresas-salvajes-208x300.jpg\" alt=\"\" width=\"208\" height=\"300\" srcset=\"https:\/\/www.fcedu.uner.edu.ar\/medianayterceraedad\/wp-content\/uploads\/2018\/07\/Fresas-salvajes-208x300.jpg 208w, https:\/\/www.fcedu.uner.edu.ar\/medianayterceraedad\/wp-content\/uploads\/2018\/07\/Fresas-salvajes-768x1109.jpg 768w, https:\/\/www.fcedu.uner.edu.ar\/medianayterceraedad\/wp-content\/uploads\/2018\/07\/Fresas-salvajes-709x1024.jpg 709w, https:\/\/www.fcedu.uner.edu.ar\/medianayterceraedad\/wp-content\/uploads\/2018\/07\/Fresas-salvajes.jpg 1171w\" sizes=\"(max-width: 208px) 100vw, 208px\" \/>que \u201cla propuesta est\u00e1 planteada como un espacio libre y apto para el intercambio de ideas\u201d. Dijo que \u201cla visualizaci\u00f3n de obras cinematogr\u00e1ficas sirve para estimular el sentido cr\u00edtico, inherente en la responsabilidad del espectador\u201d, y adelant\u00f3 que \u201clos apasionados del s\u00e9ptimo arte encontrar\u00e1n en esta iniciativa una posibilidad de dialogar y reflexionar acerca de las obras de diversos realizadores. Las pel\u00edculas, a trav\u00e9s de sus elementos medi\u00e1ticos, permiten crear dudas, interrogantes e incertidumbre acerca de ciertas verdades establecidas\u201d.<\/span><\/p>\n<p><span style=\"color: #333333;\">En ese marco, destac\u00f3 que<strong> \u201cuno de los recursos m\u00e1s significativos de esta actividad es la curiosidad\u201d<\/strong>, por lo cual precis\u00f3 que \u201ccualquier interesado puede participar. No es necesario contar con conocimientos previos sobre la materia\u201d, acot\u00f3.<\/span><\/p>\n<p><span style=\"color: #333333;\">Luego brind\u00f3 detalles de la modalidad que tendr\u00e1 la propuesta al precisar que habr\u00e1 una <strong>breve introducci\u00f3n y contextualizaci\u00f3n sobre la obra del director,<\/strong> y luego se proyectar\u00e1 la pel\u00edcula de turno. El corolario que el espacio propone es el intercambio de ideas.<\/span><\/p>\n<p><span style=\"color: #333333;\"><img decoding=\"async\" loading=\"lazy\" class=\"alignleft size-medium wp-image-2823\" src=\"https:\/\/www.fcedu.uner.edu.ar\/medianayterceraedad\/wp-content\/uploads\/2018\/07\/Invasi\u00f3n-218x300.jpg\" alt=\"\" width=\"218\" height=\"300\" srcset=\"https:\/\/www.fcedu.uner.edu.ar\/medianayterceraedad\/wp-content\/uploads\/2018\/07\/Invasi\u00f3n-218x300.jpg 218w, https:\/\/www.fcedu.uner.edu.ar\/medianayterceraedad\/wp-content\/uploads\/2018\/07\/Invasi\u00f3n.jpg 509w\" sizes=\"(max-width: 218px) 100vw, 218px\" \/>En ese sentido, adelant\u00f3 que el ciclo incluir\u00e1 la pel\u00edculas \u201cde cineastas cuya obra art\u00edstica e intelectual constituyen parte del patrimonio de la humanidad\u201d, y precis\u00f3 que los realizadores escogidos son <strong>Hugo Santiago Muchnick (Argentina), Ingmar Bergman (Suecia), Pier Paolo Pasolini (Italia) y Luis Bu\u00f1uel (Espa\u00f1a)<\/strong>. \u201cLas pel\u00edculas, adem\u00e1s de ser bellas obras de arte, contemplan las diversas posturas ideol\u00f3gicas de los cineastas, lo que posibilita una m\u00faltiple lectura de los componentes f\u00edlmicos, ya sean acad\u00e9micos, est\u00e9ticos o t\u00e9cnicos\u201d, explic\u00f3.<\/span><\/p>\n<p><span style=\"color: #333333;\">A modo de invitaci\u00f3n, Ceccato coment\u00f3 que el Cine Debate propone trabajar con la obra cinematogr\u00e1fica de cuatro directores de culto y que \u201ccada uno de ellos, desde sus \u00f3pticas personales, perspectivas ideol\u00f3gicas y contextos, aportan diversos puntos de reflexi\u00f3n sobre la condici\u00f3n humana\u201d, reflexion\u00f3.<\/span><\/p>\n<p><span style=\"color: #333333;\">\u201cRegresar a determinados films ayudar\u00e1 a reiniciar ciertos debates y aportar un valioso di\u00e1logo generacional. Los participantes tendr\u00e1n la libertad de expresar y compartir las variadas sensaciones que se experimentan durante el ritual colectivo de \u00abver cine\u00bb, y al mismo tiempo podr\u00e1n reflexionar y conversar sobre los distintos t\u00f3picos que se trabajen en cada pel\u00edcula\u201d, concluy\u00f3.<\/span><\/p>\n<h5><span style=\"color: #00c768;\">La propuesta y los films<\/span><\/h5>\n<p><span style=\"color: #333333;\">La invitaci\u00f3n es para los <strong>martes de agosto,<\/strong> a partir de las <strong>15:30<\/strong>, en la sede de la<strong> Facultad de Ciencias de la Educaci\u00f3n (UNER)<\/strong>, ubicada en calle <strong>Buenos Aires 389, aula E6<\/strong>.<img decoding=\"async\" loading=\"lazy\" class=\"alignright size-medium wp-image-2821\" src=\"https:\/\/www.fcedu.uner.edu.ar\/medianayterceraedad\/wp-content\/uploads\/2018\/07\/El-210x300.jpg\" alt=\"\" width=\"210\" height=\"300\" srcset=\"https:\/\/www.fcedu.uner.edu.ar\/medianayterceraedad\/wp-content\/uploads\/2018\/07\/El-210x300.jpg 210w, https:\/\/www.fcedu.uner.edu.ar\/medianayterceraedad\/wp-content\/uploads\/2018\/07\/El-768x1096.jpg 768w, https:\/\/www.fcedu.uner.edu.ar\/medianayterceraedad\/wp-content\/uploads\/2018\/07\/El-718x1024.jpg 718w, https:\/\/www.fcedu.uner.edu.ar\/medianayterceraedad\/wp-content\/uploads\/2018\/07\/El.jpg 827w\" sizes=\"(max-width: 210px) 100vw, 210px\" \/><\/span><\/p>\n<p><span style=\"color: #333333;\">Esta iniciativa propone trabajar el cine como una herramienta para provocar fisuras en las formas del pensamiento dogm\u00e1tico, lineal y tradicional. Busca estimular a los espectadores a desarrollar una mirada cr\u00edtica acerca del complejo quehacer cinematogr\u00e1fico, adem\u00e1s de generar espacios de encuentro donde las personas interesadas puedan participar e interactuar, motivadas por las pel\u00edculas, y de esta forma romper con ciertos modelos de visualizaci\u00f3n de pel\u00edculas.<\/span><\/p>\n<h5><span style=\"color: #00c768;\">Las proyecciones previstas son:<\/span><\/h5>\n<p><span style=\"color: #333333;\"><i class=\"gdlr-icon fa fa-calendar\" style=\"color: #00c768; font-size: 15px; \" ><\/i> <strong>Martes 7 de Agosto:<\/strong> \u201cInvasi\u00f3n\u201d, de Hugo Santiago Muchnick (Argentina, 1969)<\/span><\/p>\n<p><span style=\"color: #333333;\"><i class=\"gdlr-icon fa fa-calendar\" style=\"color: #00c768; font-size: 15px; \" ><\/i><strong>Martes 14 de Agosto:<\/strong> \u201cFresas Salvajes\u201d, de Ingmar Bergman (Suecia, 1957)<\/span><\/p>\n<p><span style=\"color: #333333;\"><i class=\"gdlr-icon fa fa-calendar\" style=\"color: #00c768; font-size: 15px; \" ><\/i><strong>Martes 21 de Agosto:<\/strong> \u201cPajaritos y Pajarracos\u201d, de Pier Paolo Pasolini (Italia, 1966)<\/span><\/p>\n<p><span style=\"color: #333333;\"><i class=\"gdlr-icon fa fa-calendar\" style=\"color: #00c768; font-size: 15px; \" ><\/i><strong>Martes 28 de Agosto:<\/strong> \u201c\u00c9l\u201d, de Luis Bu\u00f1uel (M\u00e9xico, 1953)<\/span><\/p>\n<p><span style=\"color: #333333;\"><span style=\"font-weight: 400;\"><\/p>\n<div class=\"gdlr-shortcode-wrapper\">\n<div class=\"gdlr-box-with-icon-ux gdlr-ux\">\n<div class=\"gdlr-item gdlr-box-with-icon-item pos-left type-normal\" ><i class=\"fa fa-info\"  style=\"color:#00c768;\" ><\/i><\/p>\n<h4 class=\"box-with-icon-title\">Informes e Inscripciones<\/h4>\n<div class=\"clear\"><\/div>\n<div class=\"box-with-icon-caption\"><\/div>\n<\/div>\n<\/div>\n<\/div>\n<p>\u00a0<\/span>Los interesados en obtener informaci\u00f3n sobre los talleres y cursos del Departamento de la Mediana y Tercera Edad deben dirigirse a la sede de la Facultad de Ciencias de la Educaci\u00f3n, UNER, Alameda de la Federaci\u00f3n 115, los lunes, mi\u00e9rcoles, jueves y viernes de 16:00 a 19:00, mientras que, los martes de 9:00 a 12:00.<\/span><\/p>\n<p><span style=\"color: #333333;\">Las inscripciones ser\u00e1n hasta el viernes 3 de agosto, y las clases del segundo trimestre iniciar\u00e1n en la semana del 6 de agosto. Para informes, tambi\u00e9n pueden comunicarse por las siguientes v\u00edas:<\/span><\/p>\n<p><span style=\"color: #333333;\">Telef\u00f3nicamente al Tel, 0343 4222033-4230657 interno49<\/span><\/p>\n<p><span style=\"color: #333333;\">Mail: departamentotres@gmail.com<\/span><\/p>\n","protected":false},"excerpt":{"rendered":"<p>Los apasionados del s\u00e9ptimo arte encontrar\u00e1n es el Cine Debate una posibilidad de dialogar y reflexionar acerca de las obras de diversos realizadores. Se proyectar\u00e1n films de Muchnick, Bergman, Pasolini y Bu\u00f1uel. La invitaci\u00f3n es para los martes de agosto, a partir de las 15:30, en el Departamento de la Mediana y Tercera Edad de&#8230; <\/p>\n<div class=\"clear\"><\/div>\n<p><a href=\"https:\/\/www.fcedu.uner.edu.ar\/medianayterceraedad\/?p=2770\" class=\"excerpt-read-more\">Read More<i class=\"fa fa-caret-right icon-caret-right\"><\/i><\/a><\/p>\n","protected":false},"author":1,"featured_media":2819,"comment_status":"open","ping_status":"open","sticky":false,"template":"","format":"gallery","meta":{"footnotes":""},"categories":[1],"tags":[],"_links":{"self":[{"href":"https:\/\/www.fcedu.uner.edu.ar\/medianayterceraedad\/index.php?rest_route=\/wp\/v2\/posts\/2770"}],"collection":[{"href":"https:\/\/www.fcedu.uner.edu.ar\/medianayterceraedad\/index.php?rest_route=\/wp\/v2\/posts"}],"about":[{"href":"https:\/\/www.fcedu.uner.edu.ar\/medianayterceraedad\/index.php?rest_route=\/wp\/v2\/types\/post"}],"author":[{"embeddable":true,"href":"https:\/\/www.fcedu.uner.edu.ar\/medianayterceraedad\/index.php?rest_route=\/wp\/v2\/users\/1"}],"replies":[{"embeddable":true,"href":"https:\/\/www.fcedu.uner.edu.ar\/medianayterceraedad\/index.php?rest_route=%2Fwp%2Fv2%2Fcomments&post=2770"}],"version-history":[{"count":26,"href":"https:\/\/www.fcedu.uner.edu.ar\/medianayterceraedad\/index.php?rest_route=\/wp\/v2\/posts\/2770\/revisions"}],"predecessor-version":[{"id":2825,"href":"https:\/\/www.fcedu.uner.edu.ar\/medianayterceraedad\/index.php?rest_route=\/wp\/v2\/posts\/2770\/revisions\/2825"}],"wp:featuredmedia":[{"embeddable":true,"href":"https:\/\/www.fcedu.uner.edu.ar\/medianayterceraedad\/index.php?rest_route=\/wp\/v2\/media\/2819"}],"wp:attachment":[{"href":"https:\/\/www.fcedu.uner.edu.ar\/medianayterceraedad\/index.php?rest_route=%2Fwp%2Fv2%2Fmedia&parent=2770"}],"wp:term":[{"taxonomy":"category","embeddable":true,"href":"https:\/\/www.fcedu.uner.edu.ar\/medianayterceraedad\/index.php?rest_route=%2Fwp%2Fv2%2Fcategories&post=2770"},{"taxonomy":"post_tag","embeddable":true,"href":"https:\/\/www.fcedu.uner.edu.ar\/medianayterceraedad\/index.php?rest_route=%2Fwp%2Fv2%2Ftags&post=2770"}],"curies":[{"name":"wp","href":"https:\/\/api.w.org\/{rel}","templated":true}]}}