{"id":2830,"date":"2018-08-01T14:24:49","date_gmt":"2018-08-01T14:24:49","guid":{"rendered":"http:\/\/www.fcedu.uner.edu.ar\/medianayterceraedad\/?p=2830"},"modified":"2018-08-09T22:02:51","modified_gmt":"2018-08-09T22:02:51","slug":"museos-de-arte-insigne-paseo-a-traves-de-sus-colecciones","status":"publish","type":"post","link":"https:\/\/www.fcedu.uner.edu.ar\/medianayterceraedad\/?p=2830","title":{"rendered":"Museos de Arte: Insigne paseo a trav\u00e9s de sus colecciones"},"content":{"rendered":"<p><span style=\"color: #333333;\"><strong>El curso \u201cUna traves\u00eda por museos de arte\u201d organizado por el Departamento de la Mediana y Tercera Edad de la FCEDU, se desarrollar\u00e1 los d\u00edas 10,17,24 y 31 de agosto, de 18:00 a 19:30 en Alameda de la Federaci\u00f3n 115. La propuesta \u00a0que se implementar\u00e1 durante los cuatro viernes de agosto, estar\u00e1 a cargo de la Licenciada Cristina Dom\u00ednguez y se plantear\u00e1 como un itinerario de viaje, vinculando ciudades con museos de arte.<\/strong><\/span><\/p>\n<hr \/>\n<p><span style=\"color: #333333;\">El curso es una invitaci\u00f3n que coloca al museo en su rol de vinculaci\u00f3n con la comunidad, en tanto referente simb\u00f3lico del pasado para su revalorizaci\u00f3n actual. La ocasi\u00f3n es oportuna para enriquecer el ojo del espectador, poniendo de manifiesto los primeros grandes museos desde los europeos en el siglo XVIII hasta los de la actualidad. Es decir, se busca mostrar el hecho de que los museos contra todo lo que se vaticin\u00f3 cuando se habl\u00f3 del fin del arte, no han perdido su poder, se multiplican y renuevan sus estrategias de vinculaci\u00f3n con el presente a trav\u00e9s de nuevas formas de su representaci\u00f3n cultural.<\/span><\/p>\n<p><span style=\"color: #333333;\"><strong>\u201cInteresa mostrar los museos no como instituciones quedadas en el tiempo conservando obras hist\u00f3ricas sino como instituciones sociales, cient\u00edficas y culturales con gran dinamismo, no s\u00f3lo por la masiva concurrencia de p\u00fablico sino tambi\u00e9n por sus novedosas propuestas de divulgaci\u00f3n para atraer a un p\u00fablico joven; por las muestras temporales; por los programas educativos para distintas edades ; por ser espacios de actividades culturales; por convertirse en motores de la econom\u00eda; y sobre todo, ser referentes simb\u00f3licos de la cultura que transforma las ciudades. Y tambi\u00e9n, otros aspectos como la intervenci\u00f3n de curadores, los nuevos soportes digitales, las ampliaciones edilicias, las construcciones contempor\u00e1neas, entre otras cuestiones, que agregan valor cultural y educativo\u201d<\/strong>, \u00a0se\u00f1al\u00f3 la Licenciada Dom\u00ednguez en referencia a la importancia y los alcances que se propone lograr dictando este curso.<\/span><\/p>\n<p><span style=\"color: #333333;\">En definitiva,\u00a0 frente a la irrupci\u00f3n de una nueva cultura visual las im\u00e1genes del arte no han desaparecido, reafirmando su poder mediatizadas por otras formas tales que parecen haber multiplicado el poder de los museos y su capacidad de presentarse a los p\u00fablicos en\u00a0 tiempos globales.<\/span><\/p>\n<p><span style=\"color: #333333;\"><strong>\u201cHar\u00e9 especial \u00e9nfasis en lo que considero central. Es decir, en la medida en que incorporamos m\u00e1s informaci\u00f3n para establecer mayores relaciones podremos disfrutar de una comprensi\u00f3n m\u00e1s compleja de la cultura y sentirnos part\u00edcipes de la misma\u201d, <\/strong>termin\u00f3 de subrayar Dom\u00ednguez.<\/span><\/p>\n<p><span style=\"color: #333333;\"><strong>\u00a0<\/strong><\/span><\/p>\n<p><span style=\"color: #333333;\"><strong>Informes e inscripciones:<\/strong><\/span><\/p>\n<p><span style=\"color: #333333;\">Los interesados en obtener informaci\u00f3n sobre los talleres y cursos del Departamento de la Mediana y Tercera Edad deben dirigirse a la sede de la Facultad de Ciencias de la Educaci\u00f3n, UNER, Alameda de la Federaci\u00f3n 115, los lunes, mi\u00e9rcoles, jueves y viernes de 16:00 a 19:00, mientras que, los martes de 9:00 a 12:00. Se inscribe hasta el viernes 3 de agosto. Las clases del segundo trimestre iniciar\u00e1n en la semana del 6 de agosto. Para informes, tambi\u00e9n pueden comunicarse por las siguientes v\u00edas:<\/span><\/p>\n<p><span style=\"color: #333333;\">Telef\u00f3nicamente al Tel, 0343 4222033-4230657 interno49<\/span><\/p>\n<p><span style=\"color: #333333;\">Mail: <a style=\"color: #333333;\" href=\"mailto:departamentotres@gmail.com\">departamentotres@gmail.com<\/a><\/span><\/p>\n<p><span style=\"color: #333333;\">Facebook: Departamento de la Mediana y Tercera Edad-FCEDU<\/span><\/p>\n","protected":false},"excerpt":{"rendered":"<p>El curso \u201cUna traves\u00eda por museos de arte\u201d organizado por el Departamento de la Mediana y Tercera Edad de la FCEDU, se desarrollar\u00e1 los d\u00edas 10,17,24 y 31 de agosto, de 18:00 a 19:30 en Alameda de la Federaci\u00f3n 115. La propuesta \u00a0que se implementar\u00e1 durante los cuatro viernes de agosto, estar\u00e1 a cargo de&#8230; <\/p>\n<div class=\"clear\"><\/div>\n<p><a href=\"https:\/\/www.fcedu.uner.edu.ar\/medianayterceraedad\/?p=2830\" class=\"excerpt-read-more\">Read More<i class=\"fa fa-caret-right icon-caret-right\"><\/i><\/a><\/p>\n","protected":false},"author":1,"featured_media":2778,"comment_status":"open","ping_status":"open","sticky":false,"template":"","format":"gallery","meta":{"footnotes":""},"categories":[1],"tags":[],"_links":{"self":[{"href":"https:\/\/www.fcedu.uner.edu.ar\/medianayterceraedad\/index.php?rest_route=\/wp\/v2\/posts\/2830"}],"collection":[{"href":"https:\/\/www.fcedu.uner.edu.ar\/medianayterceraedad\/index.php?rest_route=\/wp\/v2\/posts"}],"about":[{"href":"https:\/\/www.fcedu.uner.edu.ar\/medianayterceraedad\/index.php?rest_route=\/wp\/v2\/types\/post"}],"author":[{"embeddable":true,"href":"https:\/\/www.fcedu.uner.edu.ar\/medianayterceraedad\/index.php?rest_route=\/wp\/v2\/users\/1"}],"replies":[{"embeddable":true,"href":"https:\/\/www.fcedu.uner.edu.ar\/medianayterceraedad\/index.php?rest_route=%2Fwp%2Fv2%2Fcomments&post=2830"}],"version-history":[{"count":20,"href":"https:\/\/www.fcedu.uner.edu.ar\/medianayterceraedad\/index.php?rest_route=\/wp\/v2\/posts\/2830\/revisions"}],"predecessor-version":[{"id":2876,"href":"https:\/\/www.fcedu.uner.edu.ar\/medianayterceraedad\/index.php?rest_route=\/wp\/v2\/posts\/2830\/revisions\/2876"}],"wp:featuredmedia":[{"embeddable":true,"href":"https:\/\/www.fcedu.uner.edu.ar\/medianayterceraedad\/index.php?rest_route=\/wp\/v2\/media\/2778"}],"wp:attachment":[{"href":"https:\/\/www.fcedu.uner.edu.ar\/medianayterceraedad\/index.php?rest_route=%2Fwp%2Fv2%2Fmedia&parent=2830"}],"wp:term":[{"taxonomy":"category","embeddable":true,"href":"https:\/\/www.fcedu.uner.edu.ar\/medianayterceraedad\/index.php?rest_route=%2Fwp%2Fv2%2Fcategories&post=2830"},{"taxonomy":"post_tag","embeddable":true,"href":"https:\/\/www.fcedu.uner.edu.ar\/medianayterceraedad\/index.php?rest_route=%2Fwp%2Fv2%2Ftags&post=2830"}],"curies":[{"name":"wp","href":"https:\/\/api.w.org\/{rel}","templated":true}]}}