{"id":2877,"date":"2018-08-13T22:19:44","date_gmt":"2018-08-13T22:19:44","guid":{"rendered":"http:\/\/www.fcedu.uner.edu.ar\/medianayterceraedad\/?p=2877"},"modified":"2018-08-13T22:25:29","modified_gmt":"2018-08-13T22:25:29","slug":"la-vejez-una-etapa-de-la-vida-para-transitar-sin-abuso-ni-maltrato","status":"publish","type":"post","link":"https:\/\/www.fcedu.uner.edu.ar\/medianayterceraedad\/?p=2877","title":{"rendered":"La Vejez: una etapa de la vida para transitar sin abuso ni maltrato"},"content":{"rendered":"<p><span style=\"color: #333333;\">El <strong>D\u00eda Mundial de Toma de Conciencia del Abuso y Maltrato en la Vejez<\/strong>, una jornada de\u00a0reflexi\u00f3n instituida por la Asamblea General de las Naciones Unidas, se conmemora, como\u00a0cada a\u00f1o, el 15 de junio.<\/span><br \/>\n<span style=\"color: #333333;\"> \u00bfQu\u00e9 es tomar conciencia? Tomar conciencia es darse cuenta de la realidad que se est\u00e1\u00a0viviendo. La conciencia es la facultad del ser humano para formular juicios espont\u00e1neos e\u00a0inmediatos de los actos propios y ajenos. En este d\u00eda, podemos preguntarnos y reflexionar\u00a0sobre varias cuestiones que ata\u00f1en al adulto mayor: \u00bfCu\u00e1ndo se es viejo? \u00bfHay una vejez o hay\u00a0varias? \u00bfEl maltrato es s\u00f3lo desde la sociedad a los viejos, o tambi\u00e9n los viejos maltratan o<\/span><br \/>\n<span style=\"color: #333333;\"> pueden hacerlo?<\/span><br \/>\n<span style=\"color: #333333;\"> As\u00ed tambi\u00e9n nos preguntamos: \u00bfestamos preparados para envejecer? Muchas veces, no somos\u00a0conscientes de que todos estamos sujetos al envejecimiento; desde que nacemos, comenzamos\u00a0a envejecer. De cada uno depende c\u00f3mo ser\u00e1 ese envejecimiento y c\u00f3mo llegaremos a viejos.<\/span><br \/>\n<span style=\"color: #333333;\"> Es una responsabilidad diaria en las distintas \u00e1reas de nuestra vida: psicol\u00f3gica, f\u00edsica, espiritual,\u00a0relacional, laboral, etc.<\/span><br \/>\n<span style=\"color: #333333;\"> Por otra parte, la expectativa de vida en nuestra sociedad ha aumentado y el porcentaje de\u00a0personas mayores de 60 a\u00f1os se est\u00e1 duplicando en las \u00faltimas d\u00e9cadas. \u00bfNuestra comunidad\u00a0est\u00e1 preparada para tratar a los viejos? \u00bfC\u00f3mo es la relaci\u00f3n entre las distintas generaciones\u00a0que protagonizan nuestra sociedad? \u00bfNos damos cuenta de que cada etapa tiene sus\u00a0debilidades o problemas y sus virtudes o fortalezas? \u00bfSomos conscientes tanto de la<\/span><br \/>\n<span style=\"color: #333333;\"> vulnerabilidad como de las potencialidades de la experiencia de la adultez mayor? Por ejemplo,\u00a0pensemos que hist\u00f3ricamente los mayores ense\u00f1aban a los m\u00e1s j\u00f3venes y, sin embargo, hoy\u00a0cu\u00e1ntos ni\u00f1os les ense\u00f1an a sus viejos a usar una computadora o un celular. Pero eso no\u00a0implica que el ni\u00f1o o el joven puedan prescindir de la experiencia de vida de sus mayores.<\/span><\/p>\n<p><strong><span style=\"color: #00c768;\">El d\u00eda de toma de conciencia mundial<\/span><\/strong><br \/>\n<span style=\"color: #333333;\">El 15 de junio se estableci\u00f3 para expresar la oposici\u00f3n a los abusos y maltratos infligidos a las\u00a0generaciones mayores. Este a\u00f1o la campa\u00f1a mundial se centra en la importancia de prevenir la\u00a0explotaci\u00f3n financiera de la que los ancianos recurrentemente son v\u00edctimas y que podr\u00eda\u00a0conducirlos a la pobreza, el hambre y la falta de vivienda, adem\u00e1s de poner en peligro su salud\u00a0y bienestar. Pero tambi\u00e9n esta fecha es para bregar por que se garanticen todos los derechos\u00a0humanos de los viejos. La Convenci\u00f3n Interamericana sobre la Protecci\u00f3n de los Derechos<\/span><br \/>\n<span style=\"color: #333333;\"> Humanos de las Personas Mayores, firmada en la OEA en 2015 y ratificada por Argentina en\u00a02017, consagra 31 derechos. Entre ellos encontramos: el derecho a una vida digna; a la igualdad\u00a0y no discriminaci\u00f3n por razones de edad; a la independencia y a la autonom\u00eda; a la participaci\u00f3n\u00a0e integraci\u00f3n comunitaria; a la seguridad; la libertad de expresi\u00f3n y de opini\u00f3n y al acceso a la\u00a0informaci\u00f3n; a la privacidad y a la intimidad; a la seguridad social; al trabajo; a la salud; a la\u00a0educaci\u00f3n; a la cultura; a la recreaci\u00f3n, al esparcimiento y al deporte; a un medio ambiente\u00a0sano; a la accesibilidad y a la movilidad personal, etc\u00e9tera. Necesitamos conocer nuestros\u00a0derechos para exigir como ciudadanos que el Estado los garantice y nuestros contempor\u00e1neos\u00a0los respeten. Que todos los respetemos.<\/span><\/p>\n<p><strong><span style=\"color: #00c768;\">El derecho a la comunicaci\u00f3n<\/span><\/strong><br \/>\n<span style=\"color: #333333;\">Afirmamos que los adultos mayores somos personas que intervienen en historias y hacen valer\u00a0su palabra; que es mucho m\u00e1s lo que hacemos y no se conoce. Por lo que buscamos ejercer el\u00a0derecho a la comunicaci\u00f3n y habilitar la palabra a todos nuestros compa\u00f1eros coet\u00e1neos.\u00a0Pretendemos que en los medios se llame a los viejos con propiedad y valor\u00e1ndolos: sin\u00a0estereotipos, prejuicios ni subestimaciones que nos relacionen \u00fanicamente con la pasividad, el\u00a0cansancio, la incapacidad, la decrepitud, la enfermedad, la ingenuidad, etc.<\/span><br \/>\n<span style=\"color: #333333;\"> Tomar conciencia tambi\u00e9n es pensar c\u00f3mo no ser maltratador y c\u00f3mo hacer para no dejarnos\u00a0maltratar. As\u00ed, <strong>cuidarnos entre todos<\/strong>.<\/span><\/p>\n<p><span style=\"color: #333333;\"><strong>Miembros del Taller de Producci\u00f3n Period\u00edstica \u201cTomo la Palabra\u201d<\/strong>&#8211; Junio de 2018<\/span><br \/>\nEste taller es parte del CEPROCAM- <strong>Centro de Producci\u00f3n y Comunicaci\u00f3n del Adulto Mayor<\/strong>&#8211;<br \/>\nDepartamento de la Mediana y Tercera Edad- UNER<\/p>\n","protected":false},"excerpt":{"rendered":"<p>El D\u00eda Mundial de Toma de Conciencia del Abuso y Maltrato en la Vejez, una jornada de\u00a0reflexi\u00f3n instituida por la Asamblea General de las Naciones Unidas, se conmemora, como\u00a0cada a\u00f1o, el 15 de junio. \u00bfQu\u00e9 es tomar conciencia? Tomar conciencia es darse cuenta de la realidad que se est\u00e1\u00a0viviendo. La conciencia es la facultad del&#8230; <\/p>\n<div class=\"clear\"><\/div>\n<p><a href=\"https:\/\/www.fcedu.uner.edu.ar\/medianayterceraedad\/?p=2877\" class=\"excerpt-read-more\">Read More<i class=\"fa fa-caret-right icon-caret-right\"><\/i><\/a><\/p>\n","protected":false},"author":1,"featured_media":0,"comment_status":"open","ping_status":"open","sticky":false,"template":"","format":"gallery","meta":{"footnotes":""},"categories":[26],"tags":[27],"_links":{"self":[{"href":"https:\/\/www.fcedu.uner.edu.ar\/medianayterceraedad\/index.php?rest_route=\/wp\/v2\/posts\/2877"}],"collection":[{"href":"https:\/\/www.fcedu.uner.edu.ar\/medianayterceraedad\/index.php?rest_route=\/wp\/v2\/posts"}],"about":[{"href":"https:\/\/www.fcedu.uner.edu.ar\/medianayterceraedad\/index.php?rest_route=\/wp\/v2\/types\/post"}],"author":[{"embeddable":true,"href":"https:\/\/www.fcedu.uner.edu.ar\/medianayterceraedad\/index.php?rest_route=\/wp\/v2\/users\/1"}],"replies":[{"embeddable":true,"href":"https:\/\/www.fcedu.uner.edu.ar\/medianayterceraedad\/index.php?rest_route=%2Fwp%2Fv2%2Fcomments&post=2877"}],"version-history":[{"count":8,"href":"https:\/\/www.fcedu.uner.edu.ar\/medianayterceraedad\/index.php?rest_route=\/wp\/v2\/posts\/2877\/revisions"}],"predecessor-version":[{"id":2884,"href":"https:\/\/www.fcedu.uner.edu.ar\/medianayterceraedad\/index.php?rest_route=\/wp\/v2\/posts\/2877\/revisions\/2884"}],"wp:attachment":[{"href":"https:\/\/www.fcedu.uner.edu.ar\/medianayterceraedad\/index.php?rest_route=%2Fwp%2Fv2%2Fmedia&parent=2877"}],"wp:term":[{"taxonomy":"category","embeddable":true,"href":"https:\/\/www.fcedu.uner.edu.ar\/medianayterceraedad\/index.php?rest_route=%2Fwp%2Fv2%2Fcategories&post=2877"},{"taxonomy":"post_tag","embeddable":true,"href":"https:\/\/www.fcedu.uner.edu.ar\/medianayterceraedad\/index.php?rest_route=%2Fwp%2Fv2%2Ftags&post=2877"}],"curies":[{"name":"wp","href":"https:\/\/api.w.org\/{rel}","templated":true}]}}