{"id":3294,"date":"2019-10-01T18:33:08","date_gmt":"2019-10-01T18:33:08","guid":{"rendered":"https:\/\/www.fcedu.uner.edu.ar\/medianayterceraedad\/?p=3294"},"modified":"2019-10-02T00:13:41","modified_gmt":"2019-10-02T00:13:41","slug":"educar-para-eliminar-las-desigualdades-en-la-vejez","status":"publish","type":"post","link":"https:\/\/www.fcedu.uner.edu.ar\/medianayterceraedad\/?p=3294","title":{"rendered":"Educar para eliminar las desigualdades en la vejez"},"content":{"rendered":"<p><b><\/b><span style=\"color: #000000;\">En el <strong>D\u00eda Internacional de las Personas de Edad<\/strong>, la universidad busca fortalecer su aporte para que el desarrollo sostenible incluya todas las edades y lo hace, entre otras acciones, a trav\u00e9s de la educaci\u00f3n.\u00a0\u00a0El <strong>Departamento de la Mediana y Tercera Edad<\/strong> es un espacio de educaci\u00f3n permanente que alcanza a diversas vejeces en varias localidades, instituciones y entidades civiles.<\/span><\/p>\n<p><span style=\"color: #000000;\">En una nueva conmemoraci\u00f3n del D\u00eda Internacional de las Personas de Edad, desde las Naciones Unidas se sostiene que el desarrollo s\u00f3lo se puede lograr si se incluye a todas las edades, y para ello, la Facultad de Ciencias de la Educaci\u00f3n de la Universidad Nacional de Entre R\u00edos hoy y desde hace 35 a\u00f1os brinda un espacio de educaci\u00f3n permanente que facilita la participaci\u00f3n e inclusi\u00f3n.<\/span><\/p>\n<p><span style=\"color: #000000;\">En tanto pol\u00edtica p\u00fablica, la decisi\u00f3n de ofrecer diversos espacios educativos va en consonancia con el objetivo de empoderar a las personas mayores y que se constituyan en protagonista\u00a0\u00a0en todos los \u00e1mbitos del desarrollo, incluida su participaci\u00f3n en la vida social, econ\u00f3mica y pol\u00edtica. De esta manera, se materializa\u00a0\u00a0la inclusi\u00f3n de las personas mayores al reducir las numerosas desigualdades a las que se enfrentan.<\/span><\/p>\n<p><span style=\"color: #000000;\">Aprender, cantar, bailar, colaborar, relatar, escribir, tocar un instrumento, fotografiar, actuar o dibujar puede ser una de las tantas formas en que se puede vehiculizar el protagonismo de los adultos mayores, adem\u00e1s de promover su bienestar f\u00edsico y social con el correlato que esto tiene como sociedad en un mundo, Argentina, Entre R\u00edos y Paran\u00e1 en donde la poblaci\u00f3n de personas mayores est\u00e1n creciendo. Crecen las necesidades, pero tambi\u00e9n las contribuciones. que pueden dar los adultos mayores.<\/span><\/p>\n<p><span style=\"color: #000000;\">Por tal motivo, adem\u00e1s de las diversas acciones de extensi\u00f3n que desarrolla el Departamento de la Mediana y Tercera Edad, se suman propuestas de docencia e investigaci\u00f3n que potencian los v\u00ednculos y espacios intergeneracio<img decoding=\"async\" loading=\"lazy\" class=\"alignright size-medium wp-image-3298\" src=\"https:\/\/www.fcedu.uner.edu.ar\/medianayterceraedad\/wp-content\/uploads\/2019\/10\/RADIO-300x225.jpg\" alt=\"\" width=\"300\" height=\"225\" srcset=\"https:\/\/www.fcedu.uner.edu.ar\/medianayterceraedad\/wp-content\/uploads\/2019\/10\/RADIO-300x225.jpg 300w, https:\/\/www.fcedu.uner.edu.ar\/medianayterceraedad\/wp-content\/uploads\/2019\/10\/RADIO-768x576.jpg 768w, https:\/\/www.fcedu.uner.edu.ar\/medianayterceraedad\/wp-content\/uploads\/2019\/10\/RADIO-400x300.jpg 400w, https:\/\/www.fcedu.uner.edu.ar\/medianayterceraedad\/wp-content\/uploads\/2019\/10\/RADIO-670x500.jpg 670w, https:\/\/www.fcedu.uner.edu.ar\/medianayterceraedad\/wp-content\/uploads\/2019\/10\/RADIO.jpg 960w\" sizes=\"(max-width: 300px) 100vw, 300px\" \/>nales en el \u00e1mbito universitario, institucional y comunitario.<\/span><\/p>\n<p><span style=\"color: #000000;\">Historia<\/span><\/p>\n<p><span style=\"color: #000000;\">Desde 1990 se conmemora cada 1 de octubre el D\u00eda Internacional de las Personas de Edad con el prop\u00f3sito de destacar los aportes que nuestros mayores hacen a la sociedad y los desaf\u00edos a los que nos expone el envejecimiento. En 2019 enfatizan en la necesidad de que el desarrollo sostenible incluya a todas las edades.<\/span><\/p>\n<p><span style=\"color: #000000;\">El D\u00eda Internacional de las Personas de Edad es una ocasi\u00f3n para destacar las importantes aportaciones que nuestros mayores hacen a la sociedad y crear conciencia sobre las oportunidades y los desaf\u00edos del envejecimiento en el mundo de hoy. En 2019 la tem\u00e1tica que propuso las Naciones Unidas es \u00abViaje hacia la igualdad de edad\u00bb en el marco de la Agenda 2030 y el inter\u00e9s que el desarrollo sostenible alcance a todas las edades.<\/span><\/p>\n<p><span style=\"color: #000000;\">La tem\u00e1tica de 2019 que propuso Naciones Unidas tiene como objetivos:<\/span><\/p>\n<p><span style=\"color: #000000;\">\u2022\u00a0\u00a0\u00a0\u00a0\u00a0\u00a0\u00a0\u00a0\u00a0\u00a0\u00a0\u00a0\u00a0Sensibilizar sobre las desigualdades durante la vejez e incidir en c\u00f3mo estas reflejan la suma de desventajas a lo largo de la vida, resaltando el riesgo intergeneracional de un incremento de la desigualdad durante la vejez.<\/span><\/p>\n<p><span style=\"color: #000000;\">\u2022\u00a0\u00a0\u00a0\u00a0\u00a0\u00a0\u00a0\u00a0\u00a0\u00a0\u00a0\u00a0\u00a0Concienciar sobre la urgencia de hacer frente tanto a las desigualdades a las que se enfrentan actualmente las personas mayores, como en la necesidad de trabajar para prevenir las que surgir\u00e1n en el futuro.<\/span><\/p>\n<p><span style=\"color: #000000;\">\u2022\u00a0\u00a0\u00a0\u00a0\u00a0\u00a0\u00a0\u00a0\u00a0\u00a0\u00a0\u00a0\u00a0Explorar los cambios sociales y estructurales en el marco de las pol\u00edticas del curso de la vida, tales como el aprendizaje permanente, medidas laborales proactivas y adaptativas, protecci\u00f3n social y cobertura sanitaria universal.<\/span><\/p>\n<p><span style=\"color: #000000;\">\u2022\u00a0\u00a0\u00a0\u00a0\u00a0\u00a0\u00a0\u00a0\u00a0\u00a0\u00a0\u00a0\u00a0Reflexionar sobre las pr\u00e1cticas, lecciones aprendidas y el progreso alcanzado en la eliminaci\u00f3n de las desigualdades a las que hace frente las personas de edad avanzada, as\u00ed como evaluar los esfuerzos encaminados a alterar las narrativas negativas y los estereotipos que afectan a la<\/span><\/p>\n","protected":false},"excerpt":{"rendered":"<p>En el D\u00eda Internacional de las Personas de Edad, la universidad busca fortalecer su aporte para que el desarrollo sostenible incluya todas las edades y lo hace, entre otras acciones, a trav\u00e9s de la educaci\u00f3n.\u00a0\u00a0El Departamento de la Mediana y Tercera Edad es un espacio de educaci\u00f3n permanente que alcanza a diversas vejeces en varias&#8230; <\/p>\n<div class=\"clear\"><\/div>\n<p><a href=\"https:\/\/www.fcedu.uner.edu.ar\/medianayterceraedad\/?p=3294\" class=\"excerpt-read-more\">Read More<i class=\"fa fa-caret-right icon-caret-right\"><\/i><\/a><\/p>\n","protected":false},"author":1,"featured_media":3298,"comment_status":"open","ping_status":"open","sticky":true,"template":"","format":"standard","meta":{"footnotes":""},"categories":[1],"tags":[39],"_links":{"self":[{"href":"https:\/\/www.fcedu.uner.edu.ar\/medianayterceraedad\/index.php?rest_route=\/wp\/v2\/posts\/3294"}],"collection":[{"href":"https:\/\/www.fcedu.uner.edu.ar\/medianayterceraedad\/index.php?rest_route=\/wp\/v2\/posts"}],"about":[{"href":"https:\/\/www.fcedu.uner.edu.ar\/medianayterceraedad\/index.php?rest_route=\/wp\/v2\/types\/post"}],"author":[{"embeddable":true,"href":"https:\/\/www.fcedu.uner.edu.ar\/medianayterceraedad\/index.php?rest_route=\/wp\/v2\/users\/1"}],"replies":[{"embeddable":true,"href":"https:\/\/www.fcedu.uner.edu.ar\/medianayterceraedad\/index.php?rest_route=%2Fwp%2Fv2%2Fcomments&post=3294"}],"version-history":[{"count":10,"href":"https:\/\/www.fcedu.uner.edu.ar\/medianayterceraedad\/index.php?rest_route=\/wp\/v2\/posts\/3294\/revisions"}],"predecessor-version":[{"id":3308,"href":"https:\/\/www.fcedu.uner.edu.ar\/medianayterceraedad\/index.php?rest_route=\/wp\/v2\/posts\/3294\/revisions\/3308"}],"wp:featuredmedia":[{"embeddable":true,"href":"https:\/\/www.fcedu.uner.edu.ar\/medianayterceraedad\/index.php?rest_route=\/wp\/v2\/media\/3298"}],"wp:attachment":[{"href":"https:\/\/www.fcedu.uner.edu.ar\/medianayterceraedad\/index.php?rest_route=%2Fwp%2Fv2%2Fmedia&parent=3294"}],"wp:term":[{"taxonomy":"category","embeddable":true,"href":"https:\/\/www.fcedu.uner.edu.ar\/medianayterceraedad\/index.php?rest_route=%2Fwp%2Fv2%2Fcategories&post=3294"},{"taxonomy":"post_tag","embeddable":true,"href":"https:\/\/www.fcedu.uner.edu.ar\/medianayterceraedad\/index.php?rest_route=%2Fwp%2Fv2%2Ftags&post=3294"}],"curies":[{"name":"wp","href":"https:\/\/api.w.org\/{rel}","templated":true}]}}