{"id":4099,"date":"2020-11-11T00:02:53","date_gmt":"2020-11-11T03:02:53","guid":{"rendered":"https:\/\/www.fcedu.uner.edu.ar\/medianayterceraedad\/?p=4099"},"modified":"2020-11-11T00:02:53","modified_gmt":"2020-11-11T03:02:53","slug":"lograr-el-bienestar-conectando-las-emociones","status":"publish","type":"post","link":"https:\/\/www.fcedu.uner.edu.ar\/medianayterceraedad\/?p=4099","title":{"rendered":"Lograr el bienestar conectando las emociones"},"content":{"rendered":"<p>&nbsp;<\/p>\n<p style=\"text-align: right;\">Por\u00a0<strong>Griselda Irene Mu\u00f1oz<\/strong><\/p>\n<p style=\"text-align: right;\">Becaria de L\u00ednea de Extensi\u00f3n en Emergencia UNER<\/p>\n<p style=\"text-align: right;\">\n<p style=\"text-align: right;\">MicroPropuestas educativas y culturales II:\u00a0<strong>Vejeces, territorialidad y virtualidad<\/strong><\/p>\n<p>&nbsp;<\/p>\n<p>Se realiz\u00f3 el cierre de la Micropropuesta <em>Alfabetizaci\u00f3n Emocional \u00bfSab\u00e9s lo que sent\u00eds? y\u00a0 es<\/em>tuvo a cargo de psicopedagoga L\u00eda Oviedo. La actividad fue llevada a cabo por la Facultad de Ciencias de la Educaci\u00f3n, a trav\u00e9s del Departamento de la Mediana y Tercera Edad y el \u00c1rea de Comunicaci\u00f3n Institucional, y el Ministerio de Desarrollo Social del Gobierno de Entre R\u00edos. Fue el lunes 2 de noviembre.<\/p>\n<p>El encuentro se desenvolvi\u00f3 de modo virtual a trav\u00e9s de la plataforma de Google Meet; los participantes mediante sus dispositivos pudieron compartir sus dudas y experiencias entre sus pares.<\/p>\n<p>La charla se gener\u00f3 con la intenci\u00f3n de repasar lo aprendido sobre las emociones, como conectar las mismas con la vida diaria y tener pensamientos positivos para lograr bienestar para nuestras vidas.<\/p>\n<p>Como objetivo, dicho taller ten\u00eda la intenci\u00f3n de conocer algunos aspectos de coaching ontol\u00f3gico y de la alfabetizaci\u00f3n emocional, t\u00e9cnicas para desactivar una emoci\u00f3n displacentera e intervenir en el dominio del lenguaje, indagar en la inteligencia emocional, la autoestima y el poder de la emoci\u00f3n.<\/p>\n<p>&nbsp;<\/p>\n<p>Las emociones hablan<\/p>\n<p>El reloj marc\u00f3 las 17 horas y los participantes comenzaron a conectarse en la plataforma para interactuar en la \u00faltima jornada sobre las emociones; una propuesta interesante para aprender y conocernos un poco m\u00e1s sobre nosotros mismos.<\/p>\n<p>En esta ocasi\u00f3n, las personas mayores intervinieron exponiendo sus experiencias durante el desarrollo de las series de actividades tanto individuales como grupales.<\/p>\n<p>La apertura estuvo a cargo de la docente que dijo: \u201cC<em>uando conectamos con las emociones nos sentimos m\u00e1s humanos\u00bb.\u00a0<\/em>Luego ampli\u00f3 los conceptos y comparti\u00f3 sus saberes con los participantes.<\/p>\n<p>M\u00e1s tarde, otros participantes expresaron palabras de agradecimiento por lo adquirido y su conformidad con el taller.\u00a0 Entre ellas, estaba M\u00f3nica quien manifiest\u00f3 \u201c<em>hace poco tom\u00e9 conciencia de que soy la protagonista de mi vida\u201d. <\/em><\/p>\n<p>\u201c<em>A mi me ayud\u00f3 mucho\u2026Todo muy lindo\u201d,\u00a0<\/em>dijo Margarita quien agreg\u00f3 que le permiti\u00f3 superar la timidez que tiene.\u00a0Griselda, por su parte, agradecida expres\u00f3 que \u00able abri\u00f3 mucho la cabeza\u00bb.<\/p>\n<p>El cierre del taller gener\u00f3 aprendizajes, ense\u00f1anzas y charlas amenas, conformando una jornada muy agradable y amistosa entre los participantes.<\/p>\n<p>&nbsp;<\/p>\n<p>&nbsp;<\/p>\n<p>&nbsp;<\/p>\n<p>&nbsp;<\/p>\n<h3><strong>\u00a0<\/strong><\/h3>\n<p><strong>\u00a0<\/strong><\/p>\n<p>&nbsp;<\/p>\n<p><strong>\u00a0<\/strong><\/p>\n<p>&nbsp;<\/p>\n","protected":false},"excerpt":{"rendered":"<p>&nbsp; Por\u00a0Griselda Irene Mu\u00f1oz Becaria de L\u00ednea de Extensi\u00f3n en Emergencia UNER MicroPropuestas educativas y culturales II:\u00a0Vejeces, territorialidad y virtualidad &nbsp; Se realiz\u00f3 el cierre de la Micropropuesta Alfabetizaci\u00f3n Emocional \u00bfSab\u00e9s lo que sent\u00eds? y\u00a0 estuvo a cargo de psicopedagoga L\u00eda Oviedo. La actividad fue llevada a cabo por la Facultad de Ciencias de la&#8230; <\/p>\n<div class=\"clear\"><\/div>\n<p><a href=\"https:\/\/www.fcedu.uner.edu.ar\/medianayterceraedad\/?p=4099\" class=\"excerpt-read-more\">Read More<i class=\"fa fa-caret-right icon-caret-right\"><\/i><\/a><\/p>\n","protected":false},"author":1,"featured_media":4100,"comment_status":"open","ping_status":"open","sticky":false,"template":"","format":"standard","meta":{"footnotes":""},"categories":[1],"tags":[],"_links":{"self":[{"href":"https:\/\/www.fcedu.uner.edu.ar\/medianayterceraedad\/index.php?rest_route=\/wp\/v2\/posts\/4099"}],"collection":[{"href":"https:\/\/www.fcedu.uner.edu.ar\/medianayterceraedad\/index.php?rest_route=\/wp\/v2\/posts"}],"about":[{"href":"https:\/\/www.fcedu.uner.edu.ar\/medianayterceraedad\/index.php?rest_route=\/wp\/v2\/types\/post"}],"author":[{"embeddable":true,"href":"https:\/\/www.fcedu.uner.edu.ar\/medianayterceraedad\/index.php?rest_route=\/wp\/v2\/users\/1"}],"replies":[{"embeddable":true,"href":"https:\/\/www.fcedu.uner.edu.ar\/medianayterceraedad\/index.php?rest_route=%2Fwp%2Fv2%2Fcomments&post=4099"}],"version-history":[{"count":3,"href":"https:\/\/www.fcedu.uner.edu.ar\/medianayterceraedad\/index.php?rest_route=\/wp\/v2\/posts\/4099\/revisions"}],"predecessor-version":[{"id":4103,"href":"https:\/\/www.fcedu.uner.edu.ar\/medianayterceraedad\/index.php?rest_route=\/wp\/v2\/posts\/4099\/revisions\/4103"}],"wp:featuredmedia":[{"embeddable":true,"href":"https:\/\/www.fcedu.uner.edu.ar\/medianayterceraedad\/index.php?rest_route=\/wp\/v2\/media\/4100"}],"wp:attachment":[{"href":"https:\/\/www.fcedu.uner.edu.ar\/medianayterceraedad\/index.php?rest_route=%2Fwp%2Fv2%2Fmedia&parent=4099"}],"wp:term":[{"taxonomy":"category","embeddable":true,"href":"https:\/\/www.fcedu.uner.edu.ar\/medianayterceraedad\/index.php?rest_route=%2Fwp%2Fv2%2Fcategories&post=4099"},{"taxonomy":"post_tag","embeddable":true,"href":"https:\/\/www.fcedu.uner.edu.ar\/medianayterceraedad\/index.php?rest_route=%2Fwp%2Fv2%2Ftags&post=4099"}],"curies":[{"name":"wp","href":"https:\/\/api.w.org\/{rel}","templated":true}]}}