{"id":5326,"date":"2024-04-29T17:30:44","date_gmt":"2024-04-29T20:30:44","guid":{"rendered":"https:\/\/www.fcedu.uner.edu.ar\/medianayterceraedad\/?p=5326"},"modified":"2024-04-29T17:30:44","modified_gmt":"2024-04-29T20:30:44","slug":"se-presento-un-libro-en-el-auditorio-rodolfo-walsh","status":"publish","type":"post","link":"https:\/\/www.fcedu.uner.edu.ar\/medianayterceraedad\/?p=5326","title":{"rendered":"Se present\u00f3 un libro en el Auditorio Rodolfo Walsh"},"content":{"rendered":"<p>El pasado 25 de Abril la autora Mar\u00eda Dolores Bonnin present\u00f3 su libro <em>Sin tejido no hay abrigo.Historias que hacen ruido al caminar,\u00a0<\/em>en el Auditor\u00edo de la Facultad de Ciencias de la Educaci\u00f3n. Esta actividad fue organizada en conjunto por la Secretar\u00eda de Extensi\u00f3n y Cultura y el Departamento de la Mediana y Tercera Edad. Tambi\u00e9n fue auspiciada por la Asociaci\u00f3n Universitaria de la Mediana y Tercera Edad.<\/p>\n<p>Una de las oradoras fue la Doctora Luisina Bourband quien declar\u00f3: \u00abUn objeto textual en el mundo siempre es bien recibido, porque es un momento de valor simb\u00f3lico de la palabra muy fuerte. Y la literatura le devuelve la dignidad a la palabra\u00bb.<\/p>\n<p>Por su parte la Profesora Mirtha Cossida de Pacher manifest\u00f3: \u00abEn <em>Sin tejido no hay abrigo\u00a0<\/em>est\u00e1n los recuerdos de Mar\u00eda. Son recuerdos dibujados, los recuerdos son el germen de cada una de esas historias que ella despu\u00e9s cuenta. Y seguramente por un momento ella ya no sabe que es realidad y que es ficci\u00f3n\u00bb.<\/p>\n<p>Finalmente la autora expres\u00f3: \u00abRetomo lo que dice Eduardo Galeano, texto es igual a tejido. Somos tejido que andamos y la vida est\u00e1 hecha de hebras de tejidos. Vivimos tejiendo historias aunque no las escribamos, aunque no las contemos. Y yo con tantos a\u00f1os tejidos de vida me cre\u00ed con derecho a escribir y lo estoy disfrutando mucho\u00bb.<\/p>\n<p>&nbsp;<\/p>\n<p><img decoding=\"async\" loading=\"lazy\" class=\"alignnone size-medium wp-image-5328\" src=\"https:\/\/www.fcedu.uner.edu.ar\/medianayterceraedad\/wp-content\/uploads\/2024\/04\/WhatsApp-Image-2024-04-29-at-12.10.19-225x300.jpeg\" alt=\"\" width=\"225\" height=\"300\" srcset=\"https:\/\/www.fcedu.uner.edu.ar\/medianayterceraedad\/wp-content\/uploads\/2024\/04\/WhatsApp-Image-2024-04-29-at-12.10.19-225x300.jpeg 225w, https:\/\/www.fcedu.uner.edu.ar\/medianayterceraedad\/wp-content\/uploads\/2024\/04\/WhatsApp-Image-2024-04-29-at-12.10.19-768x1024.jpeg 768w, https:\/\/www.fcedu.uner.edu.ar\/medianayterceraedad\/wp-content\/uploads\/2024\/04\/WhatsApp-Image-2024-04-29-at-12.10.19-1152x1536.jpeg 1152w, https:\/\/www.fcedu.uner.edu.ar\/medianayterceraedad\/wp-content\/uploads\/2024\/04\/WhatsApp-Image-2024-04-29-at-12.10.19.jpeg 1200w\" sizes=\"(max-width: 225px) 100vw, 225px\" \/> <img decoding=\"async\" loading=\"lazy\" class=\"alignnone size-medium wp-image-5338\" src=\"https:\/\/www.fcedu.uner.edu.ar\/medianayterceraedad\/wp-content\/uploads\/2024\/04\/WhatsApp-Image-2024-04-29-at-12.10.19-1-1-225x300.jpeg\" alt=\"\" width=\"225\" height=\"300\" srcset=\"https:\/\/www.fcedu.uner.edu.ar\/medianayterceraedad\/wp-content\/uploads\/2024\/04\/WhatsApp-Image-2024-04-29-at-12.10.19-1-1-225x300.jpeg 225w, https:\/\/www.fcedu.uner.edu.ar\/medianayterceraedad\/wp-content\/uploads\/2024\/04\/WhatsApp-Image-2024-04-29-at-12.10.19-1-1-768x1024.jpeg 768w, https:\/\/www.fcedu.uner.edu.ar\/medianayterceraedad\/wp-content\/uploads\/2024\/04\/WhatsApp-Image-2024-04-29-at-12.10.19-1-1-1152x1536.jpeg 1152w, https:\/\/www.fcedu.uner.edu.ar\/medianayterceraedad\/wp-content\/uploads\/2024\/04\/WhatsApp-Image-2024-04-29-at-12.10.19-1-1.jpeg 1200w\" sizes=\"(max-width: 225px) 100vw, 225px\" \/><\/p>\n","protected":false},"excerpt":{"rendered":"<p>El pasado 25 de Abril la autora Mar\u00eda Dolores Bonnin present\u00f3 su libro Sin tejido no hay abrigo.Historias que hacen ruido al caminar,\u00a0en el Auditor\u00edo de la Facultad de Ciencias de la Educaci\u00f3n. Esta actividad fue organizada en conjunto por la Secretar\u00eda de Extensi\u00f3n y Cultura y el Departamento de la Mediana y Tercera Edad&#8230;. <\/p>\n<div class=\"clear\"><\/div>\n<p><a href=\"https:\/\/www.fcedu.uner.edu.ar\/medianayterceraedad\/?p=5326\" class=\"excerpt-read-more\">Read More<i class=\"fa fa-caret-right icon-caret-right\"><\/i><\/a><\/p>\n","protected":false},"author":1,"featured_media":5328,"comment_status":"open","ping_status":"open","sticky":false,"template":"","format":"gallery","meta":{"footnotes":""},"categories":[1],"tags":[],"_links":{"self":[{"href":"https:\/\/www.fcedu.uner.edu.ar\/medianayterceraedad\/index.php?rest_route=\/wp\/v2\/posts\/5326"}],"collection":[{"href":"https:\/\/www.fcedu.uner.edu.ar\/medianayterceraedad\/index.php?rest_route=\/wp\/v2\/posts"}],"about":[{"href":"https:\/\/www.fcedu.uner.edu.ar\/medianayterceraedad\/index.php?rest_route=\/wp\/v2\/types\/post"}],"author":[{"embeddable":true,"href":"https:\/\/www.fcedu.uner.edu.ar\/medianayterceraedad\/index.php?rest_route=\/wp\/v2\/users\/1"}],"replies":[{"embeddable":true,"href":"https:\/\/www.fcedu.uner.edu.ar\/medianayterceraedad\/index.php?rest_route=%2Fwp%2Fv2%2Fcomments&post=5326"}],"version-history":[{"count":15,"href":"https:\/\/www.fcedu.uner.edu.ar\/medianayterceraedad\/index.php?rest_route=\/wp\/v2\/posts\/5326\/revisions"}],"predecessor-version":[{"id":5346,"href":"https:\/\/www.fcedu.uner.edu.ar\/medianayterceraedad\/index.php?rest_route=\/wp\/v2\/posts\/5326\/revisions\/5346"}],"wp:featuredmedia":[{"embeddable":true,"href":"https:\/\/www.fcedu.uner.edu.ar\/medianayterceraedad\/index.php?rest_route=\/wp\/v2\/media\/5328"}],"wp:attachment":[{"href":"https:\/\/www.fcedu.uner.edu.ar\/medianayterceraedad\/index.php?rest_route=%2Fwp%2Fv2%2Fmedia&parent=5326"}],"wp:term":[{"taxonomy":"category","embeddable":true,"href":"https:\/\/www.fcedu.uner.edu.ar\/medianayterceraedad\/index.php?rest_route=%2Fwp%2Fv2%2Fcategories&post=5326"},{"taxonomy":"post_tag","embeddable":true,"href":"https:\/\/www.fcedu.uner.edu.ar\/medianayterceraedad\/index.php?rest_route=%2Fwp%2Fv2%2Ftags&post=5326"}],"curies":[{"name":"wp","href":"https:\/\/api.w.org\/{rel}","templated":true}]}}