{"id":5356,"date":"2024-05-30T15:54:47","date_gmt":"2024-05-30T18:54:47","guid":{"rendered":"https:\/\/www.fcedu.uner.edu.ar\/medianayterceraedad\/?p=5356"},"modified":"2025-05-08T16:07:40","modified_gmt":"2025-05-08T19:07:40","slug":"la-asociacion-universitaria-de-la-mediana-y-tercera-edad-invita-a-un-espectaculo-de-narracion-oral","status":"publish","type":"post","link":"https:\/\/www.fcedu.uner.edu.ar\/medianayterceraedad\/?p=5356","title":{"rendered":"La Asociaci\u00f3n Universitaria de la Mediana y Tercera Edad invita a un espect\u00e1culo de narraci\u00f3n oral"},"content":{"rendered":"<p>Este viernes 31 de mayo a partir de las 19 horas se presentar\u00e1 el grupo Dimes y Diretes con la narraci\u00f3n de cuentos y relatos de Gabriel Garc\u00eda M\u00e1rquez. Ser\u00e1 en el Auditorio Rodolfo Walsh de la Facultad de Ciencias de la Educaci\u00f3n, ubicado en calle Buenos Aries 389, en Paran\u00e1.<\/p>\n<p>Organizado por la Asociaci\u00f3n Universitaria de la Mediana y Tercera Edad, el grupo compuesto por Liliana Delis, Lelia Galliusi y Marisa Rodr\u00edguez presentar\u00e1 El Bagaje de Macondo, cuentos y relatos del reconocido autor Gabriel Garc\u00eda M\u00e1rquez. El repertorio contempla cuentos y fragmentos, y con bono de contribuci\u00f3n de 2000 pesos que podr\u00e1 adquirirse antes de la actividad, la invitaci\u00f3n es transportarse a otros lugares y tiempos a trav\u00e9s de estas narraciones.<\/p>\n<p><strong>Sobre la Asociaci\u00f3n<\/strong><\/p>\n<p>La Asociaci\u00f3n Universitaria de la Mediana y Tercera Edad es una entidad de servicio que contribuye con las actividades del Departamento de la Mediana y Tercera Edad de la Facultad de Ciencias de la Educaci\u00f3n (UNER) propiciar actividades intelectuales, culturales y sociales.<\/p>\n<p>&nbsp;<\/p>\n","protected":false},"excerpt":{"rendered":"<p>Este viernes 31 de mayo a partir de las 19 horas se presentar\u00e1 el grupo Dimes y Diretes con la narraci\u00f3n de cuentos y relatos de Gabriel Garc\u00eda M\u00e1rquez. Ser\u00e1 en el Auditorio Rodolfo Walsh de la Facultad de Ciencias de la Educaci\u00f3n, ubicado en calle Buenos Aries 389, en Paran\u00e1. Organizado por la Asociaci\u00f3n&#8230; <\/p>\n<div class=\"clear\"><\/div>\n<p><a href=\"https:\/\/www.fcedu.uner.edu.ar\/medianayterceraedad\/?p=5356\" class=\"excerpt-read-more\">Read More<i class=\"fa fa-caret-right icon-caret-right\"><\/i><\/a><\/p>\n","protected":false},"author":1,"featured_media":5412,"comment_status":"open","ping_status":"open","sticky":false,"template":"","format":"gallery","meta":{"footnotes":""},"categories":[30,1],"tags":[],"_links":{"self":[{"href":"https:\/\/www.fcedu.uner.edu.ar\/medianayterceraedad\/index.php?rest_route=\/wp\/v2\/posts\/5356"}],"collection":[{"href":"https:\/\/www.fcedu.uner.edu.ar\/medianayterceraedad\/index.php?rest_route=\/wp\/v2\/posts"}],"about":[{"href":"https:\/\/www.fcedu.uner.edu.ar\/medianayterceraedad\/index.php?rest_route=\/wp\/v2\/types\/post"}],"author":[{"embeddable":true,"href":"https:\/\/www.fcedu.uner.edu.ar\/medianayterceraedad\/index.php?rest_route=\/wp\/v2\/users\/1"}],"replies":[{"embeddable":true,"href":"https:\/\/www.fcedu.uner.edu.ar\/medianayterceraedad\/index.php?rest_route=%2Fwp%2Fv2%2Fcomments&post=5356"}],"version-history":[{"count":7,"href":"https:\/\/www.fcedu.uner.edu.ar\/medianayterceraedad\/index.php?rest_route=\/wp\/v2\/posts\/5356\/revisions"}],"predecessor-version":[{"id":5652,"href":"https:\/\/www.fcedu.uner.edu.ar\/medianayterceraedad\/index.php?rest_route=\/wp\/v2\/posts\/5356\/revisions\/5652"}],"wp:featuredmedia":[{"embeddable":true,"href":"https:\/\/www.fcedu.uner.edu.ar\/medianayterceraedad\/index.php?rest_route=\/wp\/v2\/media\/5412"}],"wp:attachment":[{"href":"https:\/\/www.fcedu.uner.edu.ar\/medianayterceraedad\/index.php?rest_route=%2Fwp%2Fv2%2Fmedia&parent=5356"}],"wp:term":[{"taxonomy":"category","embeddable":true,"href":"https:\/\/www.fcedu.uner.edu.ar\/medianayterceraedad\/index.php?rest_route=%2Fwp%2Fv2%2Fcategories&post=5356"},{"taxonomy":"post_tag","embeddable":true,"href":"https:\/\/www.fcedu.uner.edu.ar\/medianayterceraedad\/index.php?rest_route=%2Fwp%2Fv2%2Ftags&post=5356"}],"curies":[{"name":"wp","href":"https:\/\/api.w.org\/{rel}","templated":true}]}}