{"id":5363,"date":"2024-06-07T14:49:37","date_gmt":"2024-06-07T17:49:37","guid":{"rendered":"https:\/\/www.fcedu.uner.edu.ar\/medianayterceraedad\/?p=5363"},"modified":"2024-06-18T12:54:09","modified_gmt":"2024-06-18T15:54:09","slug":"a-sala-llena-se-presento-un-espectaculo-de-narracion-oral","status":"publish","type":"post","link":"https:\/\/www.fcedu.uner.edu.ar\/medianayterceraedad\/?p=5363","title":{"rendered":"A sala llena, se present\u00f3 un espect\u00e1culo de narraci\u00f3n oral"},"content":{"rendered":"<p><span style=\"font-weight: 400;\">D\u00edas atr\u00e1s se present\u00f3 el grupo Dimes y Diretes con una narraci\u00f3n de cuentos y relatos de Gabriel Garc\u00eda M\u00e1rquez. Organizada por la Asociaci\u00f3n Universitaria de la Mediana y Tercera Edad, la funci\u00f3n se realiz\u00f3 en el Auditorio Rodolfo Walsh de la Facultad de Ciencias de la Educaci\u00f3n, ubicado en calle Bueno Aires 389, en Paran\u00e1.<\/span><\/p>\n<p><span style=\"font-weight: 400;\">El grupo, compuesto por las estudiantes del Departamento de la Mediana y Tercera Edad,\u00a0 Liliana Delis, Lelia Galliusi y Marisa Rodr\u00edguez, present\u00f3 El Bagaje de Macondo,\u00a0 cuentos y relatos del reconocido autor Gabriel Garc\u00eda M\u00e1rquez. A partir de las 19 y durante una hora, el viernes 31 de mayo el p\u00fablico que llen\u00f3 el auditorio Rodolfo Walsh pudo viajar a trav\u00e9s del tiempo y la distancia gracias a la magia de la palabra oral. El espect\u00e1culo culmin\u00f3 con un excelente recibimiento de la audiencia que estall\u00f3 en aplausos y elogios para las narradoras.<\/span><\/p>\n<p><span style=\"font-weight: 400;\">Al respecto, la presidente de la Asociaci\u00f3n Universitaria de la Mediana y la Tercera Edad, Rosario Montiel, manifest\u00f3 que \u201clas actividades que realizamos desde la Asociaci\u00f3n est\u00e1n vinculadas a promover espacios culturales, educativos y sociales. A trav\u00e9s de estas acciones, la Asociaci\u00f3n genera instancias de encuentros, adem\u00e1s de recaudar dinero para aportar y cubrir necesidades del estudiantado del Departamento. Facilitar alg\u00fan objeto o herramienta para mejorar el estado de un aula nos gratifica mucho\u201d, precis\u00f3.<\/span><\/p>\n<p><span style=\"font-weight: 400;\">Por su parte, una de las integrante del grupo Dimes y Diretes y estudiante del Departamento de la Mediana y Tercera Edad, Marisa Rodriguez, coment\u00f3 que \u201clo del Bagaje de Macondo surge porque a las tres nos gusta Garc\u00eda M\u00e1rquez y elegimos El amor en los tiempos del c\u00f3lera como eje principal de la presentaci\u00f3n porque es una novela corta pero muy linda. Hemos tenido muy buenos comentarios y devoluciones, as\u00ed que estamos muy contentas. Eso nos da \u00e1nimos para seguir con otras presentaciones\u201d, agreg\u00f3.<\/span><\/p>\n<p><span style=\"font-weight: 400;\">Est\u00e1 actividad fue impulsada por\u00a0 la Asociaci\u00f3n Universitaria de la Mediana y Tercera Edad, la cual es una entidad de servicio que contribuye con las actividades del Departamento de la Mediana y Tercera Edad de la Facultad de Ciencias de la Educaci\u00f3n (UNER) al propiciar actividades intelectuales, culturales y sociales.<\/span><\/p>\n<p><img decoding=\"async\" loading=\"lazy\" class=\"alignnone size-medium wp-image-5376\" src=\"https:\/\/www.fcedu.uner.edu.ar\/medianayterceraedad\/wp-content\/uploads\/2024\/06\/WhatsApp-Image-2024-06-03-at-16.03.24-300x300.jpeg\" alt=\"\" width=\"300\" height=\"300\" srcset=\"https:\/\/www.fcedu.uner.edu.ar\/medianayterceraedad\/wp-content\/uploads\/2024\/06\/WhatsApp-Image-2024-06-03-at-16.03.24-300x300.jpeg 300w, https:\/\/www.fcedu.uner.edu.ar\/medianayterceraedad\/wp-content\/uploads\/2024\/06\/WhatsApp-Image-2024-06-03-at-16.03.24-1024x1024.jpeg 1024w, https:\/\/www.fcedu.uner.edu.ar\/medianayterceraedad\/wp-content\/uploads\/2024\/06\/WhatsApp-Image-2024-06-03-at-16.03.24-150x150.jpeg 150w, https:\/\/www.fcedu.uner.edu.ar\/medianayterceraedad\/wp-content\/uploads\/2024\/06\/WhatsApp-Image-2024-06-03-at-16.03.24-768x768.jpeg 768w, https:\/\/www.fcedu.uner.edu.ar\/medianayterceraedad\/wp-content\/uploads\/2024\/06\/WhatsApp-Image-2024-06-03-at-16.03.24-400x400.jpeg 400w, https:\/\/www.fcedu.uner.edu.ar\/medianayterceraedad\/wp-content\/uploads\/2024\/06\/WhatsApp-Image-2024-06-03-at-16.03.24.jpeg 1280w\" sizes=\"(max-width: 300px) 100vw, 300px\" \/> <img decoding=\"async\" loading=\"lazy\" class=\"alignnone size-medium wp-image-5377\" src=\"https:\/\/www.fcedu.uner.edu.ar\/medianayterceraedad\/wp-content\/uploads\/2024\/06\/WhatsApp-Image-2024-06-03-at-16.03.25-300x300.jpeg\" alt=\"\" width=\"300\" height=\"300\" srcset=\"https:\/\/www.fcedu.uner.edu.ar\/medianayterceraedad\/wp-content\/uploads\/2024\/06\/WhatsApp-Image-2024-06-03-at-16.03.25-300x300.jpeg 300w, https:\/\/www.fcedu.uner.edu.ar\/medianayterceraedad\/wp-content\/uploads\/2024\/06\/WhatsApp-Image-2024-06-03-at-16.03.25-1024x1024.jpeg 1024w, https:\/\/www.fcedu.uner.edu.ar\/medianayterceraedad\/wp-content\/uploads\/2024\/06\/WhatsApp-Image-2024-06-03-at-16.03.25-150x150.jpeg 150w, https:\/\/www.fcedu.uner.edu.ar\/medianayterceraedad\/wp-content\/uploads\/2024\/06\/WhatsApp-Image-2024-06-03-at-16.03.25-768x768.jpeg 768w, https:\/\/www.fcedu.uner.edu.ar\/medianayterceraedad\/wp-content\/uploads\/2024\/06\/WhatsApp-Image-2024-06-03-at-16.03.25-400x400.jpeg 400w, https:\/\/www.fcedu.uner.edu.ar\/medianayterceraedad\/wp-content\/uploads\/2024\/06\/WhatsApp-Image-2024-06-03-at-16.03.25.jpeg 1280w\" sizes=\"(max-width: 300px) 100vw, 300px\" \/> <img decoding=\"async\" loading=\"lazy\" class=\"alignnone size-medium wp-image-5378\" src=\"https:\/\/www.fcedu.uner.edu.ar\/medianayterceraedad\/wp-content\/uploads\/2024\/06\/WhatsApp-Image-2024-06-03-at-16.03.26-1-300x300.jpeg\" alt=\"\" width=\"300\" height=\"300\" srcset=\"https:\/\/www.fcedu.uner.edu.ar\/medianayterceraedad\/wp-content\/uploads\/2024\/06\/WhatsApp-Image-2024-06-03-at-16.03.26-1-300x300.jpeg 300w, https:\/\/www.fcedu.uner.edu.ar\/medianayterceraedad\/wp-content\/uploads\/2024\/06\/WhatsApp-Image-2024-06-03-at-16.03.26-1-1024x1024.jpeg 1024w, https:\/\/www.fcedu.uner.edu.ar\/medianayterceraedad\/wp-content\/uploads\/2024\/06\/WhatsApp-Image-2024-06-03-at-16.03.26-1-150x150.jpeg 150w, https:\/\/www.fcedu.uner.edu.ar\/medianayterceraedad\/wp-content\/uploads\/2024\/06\/WhatsApp-Image-2024-06-03-at-16.03.26-1-768x768.jpeg 768w, https:\/\/www.fcedu.uner.edu.ar\/medianayterceraedad\/wp-content\/uploads\/2024\/06\/WhatsApp-Image-2024-06-03-at-16.03.26-1-400x400.jpeg 400w, https:\/\/www.fcedu.uner.edu.ar\/medianayterceraedad\/wp-content\/uploads\/2024\/06\/WhatsApp-Image-2024-06-03-at-16.03.26-1.jpeg 1280w\" sizes=\"(max-width: 300px) 100vw, 300px\" \/> <img decoding=\"async\" loading=\"lazy\" class=\"alignnone size-medium wp-image-5379\" src=\"https:\/\/www.fcedu.uner.edu.ar\/medianayterceraedad\/wp-content\/uploads\/2024\/06\/WhatsApp-Image-2024-06-03-at-16.03.26-300x300.jpeg\" alt=\"\" width=\"300\" height=\"300\" srcset=\"https:\/\/www.fcedu.uner.edu.ar\/medianayterceraedad\/wp-content\/uploads\/2024\/06\/WhatsApp-Image-2024-06-03-at-16.03.26-300x300.jpeg 300w, https:\/\/www.fcedu.uner.edu.ar\/medianayterceraedad\/wp-content\/uploads\/2024\/06\/WhatsApp-Image-2024-06-03-at-16.03.26-1024x1024.jpeg 1024w, https:\/\/www.fcedu.uner.edu.ar\/medianayterceraedad\/wp-content\/uploads\/2024\/06\/WhatsApp-Image-2024-06-03-at-16.03.26-150x150.jpeg 150w, https:\/\/www.fcedu.uner.edu.ar\/medianayterceraedad\/wp-content\/uploads\/2024\/06\/WhatsApp-Image-2024-06-03-at-16.03.26-768x768.jpeg 768w, https:\/\/www.fcedu.uner.edu.ar\/medianayterceraedad\/wp-content\/uploads\/2024\/06\/WhatsApp-Image-2024-06-03-at-16.03.26-400x400.jpeg 400w, https:\/\/www.fcedu.uner.edu.ar\/medianayterceraedad\/wp-content\/uploads\/2024\/06\/WhatsApp-Image-2024-06-03-at-16.03.26.jpeg 1280w\" sizes=\"(max-width: 300px) 100vw, 300px\" \/> <img decoding=\"async\" loading=\"lazy\" class=\"alignnone size-medium wp-image-5380\" src=\"https:\/\/www.fcedu.uner.edu.ar\/medianayterceraedad\/wp-content\/uploads\/2024\/06\/WhatsApp-Image-2024-06-03-at-16.03.27-300x300.jpeg\" alt=\"\" width=\"300\" height=\"300\" srcset=\"https:\/\/www.fcedu.uner.edu.ar\/medianayterceraedad\/wp-content\/uploads\/2024\/06\/WhatsApp-Image-2024-06-03-at-16.03.27-300x300.jpeg 300w, https:\/\/www.fcedu.uner.edu.ar\/medianayterceraedad\/wp-content\/uploads\/2024\/06\/WhatsApp-Image-2024-06-03-at-16.03.27-1024x1024.jpeg 1024w, https:\/\/www.fcedu.uner.edu.ar\/medianayterceraedad\/wp-content\/uploads\/2024\/06\/WhatsApp-Image-2024-06-03-at-16.03.27-150x150.jpeg 150w, https:\/\/www.fcedu.uner.edu.ar\/medianayterceraedad\/wp-content\/uploads\/2024\/06\/WhatsApp-Image-2024-06-03-at-16.03.27-768x768.jpeg 768w, https:\/\/www.fcedu.uner.edu.ar\/medianayterceraedad\/wp-content\/uploads\/2024\/06\/WhatsApp-Image-2024-06-03-at-16.03.27-400x400.jpeg 400w, https:\/\/www.fcedu.uner.edu.ar\/medianayterceraedad\/wp-content\/uploads\/2024\/06\/WhatsApp-Image-2024-06-03-at-16.03.27.jpeg 1280w\" sizes=\"(max-width: 300px) 100vw, 300px\" \/> <img decoding=\"async\" loading=\"lazy\" class=\"alignnone size-medium wp-image-5381\" src=\"https:\/\/www.fcedu.uner.edu.ar\/medianayterceraedad\/wp-content\/uploads\/2024\/06\/WhatsApp-Image-2024-06-03-at-16.03.28-300x300.jpeg\" alt=\"\" width=\"300\" height=\"300\" srcset=\"https:\/\/www.fcedu.uner.edu.ar\/medianayterceraedad\/wp-content\/uploads\/2024\/06\/WhatsApp-Image-2024-06-03-at-16.03.28-300x300.jpeg 300w, https:\/\/www.fcedu.uner.edu.ar\/medianayterceraedad\/wp-content\/uploads\/2024\/06\/WhatsApp-Image-2024-06-03-at-16.03.28-1024x1024.jpeg 1024w, https:\/\/www.fcedu.uner.edu.ar\/medianayterceraedad\/wp-content\/uploads\/2024\/06\/WhatsApp-Image-2024-06-03-at-16.03.28-150x150.jpeg 150w, https:\/\/www.fcedu.uner.edu.ar\/medianayterceraedad\/wp-content\/uploads\/2024\/06\/WhatsApp-Image-2024-06-03-at-16.03.28-768x768.jpeg 768w, https:\/\/www.fcedu.uner.edu.ar\/medianayterceraedad\/wp-content\/uploads\/2024\/06\/WhatsApp-Image-2024-06-03-at-16.03.28-400x400.jpeg 400w, https:\/\/www.fcedu.uner.edu.ar\/medianayterceraedad\/wp-content\/uploads\/2024\/06\/WhatsApp-Image-2024-06-03-at-16.03.28.jpeg 1280w\" sizes=\"(max-width: 300px) 100vw, 300px\" \/><\/p>\n<p>&nbsp;<\/p>\n","protected":false},"excerpt":{"rendered":"<p>D\u00edas atr\u00e1s se present\u00f3 el grupo Dimes y Diretes con una narraci\u00f3n de cuentos y relatos de Gabriel Garc\u00eda M\u00e1rquez. Organizada por la Asociaci\u00f3n Universitaria de la Mediana y Tercera Edad, la funci\u00f3n se realiz\u00f3 en el Auditorio Rodolfo Walsh de la Facultad de Ciencias de la Educaci\u00f3n, ubicado en calle Bueno Aires 389, en&#8230; <\/p>\n<div class=\"clear\"><\/div>\n<p><a href=\"https:\/\/www.fcedu.uner.edu.ar\/medianayterceraedad\/?p=5363\" class=\"excerpt-read-more\">Read More<i class=\"fa fa-caret-right icon-caret-right\"><\/i><\/a><\/p>\n","protected":false},"author":1,"featured_media":5380,"comment_status":"open","ping_status":"open","sticky":false,"template":"","format":"gallery","meta":{"footnotes":""},"categories":[30,1],"tags":[],"_links":{"self":[{"href":"https:\/\/www.fcedu.uner.edu.ar\/medianayterceraedad\/index.php?rest_route=\/wp\/v2\/posts\/5363"}],"collection":[{"href":"https:\/\/www.fcedu.uner.edu.ar\/medianayterceraedad\/index.php?rest_route=\/wp\/v2\/posts"}],"about":[{"href":"https:\/\/www.fcedu.uner.edu.ar\/medianayterceraedad\/index.php?rest_route=\/wp\/v2\/types\/post"}],"author":[{"embeddable":true,"href":"https:\/\/www.fcedu.uner.edu.ar\/medianayterceraedad\/index.php?rest_route=\/wp\/v2\/users\/1"}],"replies":[{"embeddable":true,"href":"https:\/\/www.fcedu.uner.edu.ar\/medianayterceraedad\/index.php?rest_route=%2Fwp%2Fv2%2Fcomments&post=5363"}],"version-history":[{"count":5,"href":"https:\/\/www.fcedu.uner.edu.ar\/medianayterceraedad\/index.php?rest_route=\/wp\/v2\/posts\/5363\/revisions"}],"predecessor-version":[{"id":5414,"href":"https:\/\/www.fcedu.uner.edu.ar\/medianayterceraedad\/index.php?rest_route=\/wp\/v2\/posts\/5363\/revisions\/5414"}],"wp:featuredmedia":[{"embeddable":true,"href":"https:\/\/www.fcedu.uner.edu.ar\/medianayterceraedad\/index.php?rest_route=\/wp\/v2\/media\/5380"}],"wp:attachment":[{"href":"https:\/\/www.fcedu.uner.edu.ar\/medianayterceraedad\/index.php?rest_route=%2Fwp%2Fv2%2Fmedia&parent=5363"}],"wp:term":[{"taxonomy":"category","embeddable":true,"href":"https:\/\/www.fcedu.uner.edu.ar\/medianayterceraedad\/index.php?rest_route=%2Fwp%2Fv2%2Fcategories&post=5363"},{"taxonomy":"post_tag","embeddable":true,"href":"https:\/\/www.fcedu.uner.edu.ar\/medianayterceraedad\/index.php?rest_route=%2Fwp%2Fv2%2Ftags&post=5363"}],"curies":[{"name":"wp","href":"https:\/\/api.w.org\/{rel}","templated":true}]}}