{"id":5385,"date":"2024-06-10T11:45:26","date_gmt":"2024-06-10T14:45:26","guid":{"rendered":"https:\/\/www.fcedu.uner.edu.ar\/medianayterceraedad\/?p=5385"},"modified":"2024-06-27T15:13:23","modified_gmt":"2024-06-27T18:13:23","slug":"conmemoran-los-40-anos-del-departamento-con-materiales-educomunicacionales","status":"publish","type":"post","link":"https:\/\/www.fcedu.uner.edu.ar\/medianayterceraedad\/?p=5385","title":{"rendered":"Conmemoran los 40 a\u00f1os del Departamento con materiales educomunicacionales"},"content":{"rendered":"<p><img decoding=\"async\" loading=\"lazy\" class=\"size-medium wp-image-5386 alignleft\" src=\"https:\/\/www.fcedu.uner.edu.ar\/medianayterceraedad\/wp-content\/uploads\/2024\/06\/WhatsApp-Image-2024-06-14-at-11.38.38-300x286.jpeg\" alt=\"\" width=\"300\" height=\"286\" srcset=\"https:\/\/www.fcedu.uner.edu.ar\/medianayterceraedad\/wp-content\/uploads\/2024\/06\/WhatsApp-Image-2024-06-14-at-11.38.38-300x286.jpeg 300w, https:\/\/www.fcedu.uner.edu.ar\/medianayterceraedad\/wp-content\/uploads\/2024\/06\/WhatsApp-Image-2024-06-14-at-11.38.38.jpeg 501w\" sizes=\"(max-width: 300px) 100vw, 300px\" \/><\/p>\n<p><span style=\"font-weight: 400; color: #333333;\">El \u00c1rea Audio del Centro de Producci\u00f3n en Comunicaci\u00f3n y Educaci\u00f3n a trav\u00e9s de la Agencia Radiof\u00f3nica de Comunicaci\u00f3n trabaja en una serie de producciones sonoras dedicada a celebrar los 40 A\u00f1os del Departamento de la Mediana y Tercera Edad de la Facultad de Ciencias de la Educaci\u00f3n.<\/span><\/p>\n<p><span style=\"color: #333333;\"><span style=\"font-weight: 400;\">La serie titulada \u201c40 A\u00f1os del Departamento de la Mediana y Tercera Edad. Educaci\u00f3n y Universidad a lo largo de la vida\u201d est\u00e1 conformada por piezas educomunicacionales donde referentes que investigan las problem\u00e1ticas de las personas mayores y representantes de organismos gubernamentales y otros colectivos reflexionan sobre el estado de situaci\u00f3n actual de este sector de la sociedad.<\/span><span style=\"font-weight: 400;\">\u00a0 <\/span><span style=\"font-weight: 400;\">La primera entrega se present\u00f3 el 17 de abril, y ya son tres las publicadas\u00a0<\/span><\/span><\/p>\n<p><span style=\"font-weight: 400;\"><span style=\"color: #333333;\">El profesor Oscar Bosetti, quien estuvo a cargo de la producci\u00f3n de las piezas, expres\u00f3: \u201cConvertimos en sonido estas historias, reflexiones y aportes que sirven para iluminar lo que se est\u00e1 haciendo en un espacio de la facultad. El Departamento ha marcado un hito dentro de la Instituci\u00f3n a partir de sus aportes insoslayables al derecho a la educaci\u00f3n en todas las edades, y a la calidad de vida de las personas mayores\u201d.\u00a0<\/span><\/span><\/p>\n<p>&nbsp;<\/p>\n<p><span style=\"font-weight: 400; color: #333333;\">Entre las voces que forman parte de las primeras tres entregas se encuentran:\u00a0<\/span><\/p>\n<p><span style=\"font-weight: 400; color: #333333;\">Claudio Ca\u00f1ete. Docente del taller Paran\u00e1: Historia, patrimonio, cultura y legado.\u00a0<\/span><\/p>\n<p><span style=\"font-weight: 400; color: #333333;\">Silvina Gonz\u00e1lez . Profesora del taller de Canto.<\/span><\/p>\n<p><span style=\"font-weight: 400; color: #333333;\">Mar\u00eda In\u00e9s Mi\u00f1o. Miembro del grupo de Biodanza.<\/span><\/p>\n<p><span style=\"font-weight: 400; color: #333333;\">Miriam Galizzi. Miembro del Club de Narradores.\u00a0<\/span><\/p>\n<p><span style=\"font-weight: 400; color: #333333;\">Yolanda Darrieux. Impulsora del Departamento.<\/span><\/p>\n<p><span style=\"font-weight: 400; color: #333333;\">Valeria Olivetti. Actual Coordinadora.\u00a0<\/span><\/p>\n<p><span style=\"font-weight: 400; color: #333333;\">Charo Montil. Docente desde los comienzos.<\/span><\/p>\n<p><span style=\"font-weight: 400; color: #333333;\">Aixa Boeykens. Decana de la FCEDU-UNER.\u00a0<\/span><\/p>\n<p><span style=\"font-weight: 400; color: #333333;\">Dra. Mar\u00eda Isolina Dabove.<\/span><\/p>\n<p><span style=\"font-weight: 400; color: #333333;\">Ligia Blanco. Defensora de los Derechos de las Personas Mayores de la Defensor\u00eda del Pueblo de Paran\u00e1.<\/span><\/p>\n<p>&nbsp;<\/p>\n<p><strong><span style=\"color: #333333;\">Las piezas radiof\u00f3nicas pueden escucharse aqu\u00ed:<\/span> <a href=\"https:\/\/www.fcedu.uner.edu.ar\/arc\/?s=40+a%C3%B1os+del+departamento+de+la+mediana+y+tercera+edad\">https:\/\/www.fcedu.uner.edu.ar\/arc\/?s=40+a%C3%B1os+del+departamento+de+la+mediana+y+tercera+edad<\/a><\/strong><\/p>\n<p>&nbsp;<\/p>\n","protected":false},"excerpt":{"rendered":"<p>El \u00c1rea Audio del Centro de Producci\u00f3n en Comunicaci\u00f3n y Educaci\u00f3n a trav\u00e9s de la Agencia Radiof\u00f3nica de Comunicaci\u00f3n trabaja en una serie de producciones sonoras dedicada a celebrar los 40 A\u00f1os del Departamento de la Mediana y Tercera Edad de la Facultad de Ciencias de la Educaci\u00f3n. La serie titulada \u201c40 A\u00f1os del Departamento&#8230; <\/p>\n<div class=\"clear\"><\/div>\n<p><a href=\"https:\/\/www.fcedu.uner.edu.ar\/medianayterceraedad\/?p=5385\" class=\"excerpt-read-more\">Read More<i class=\"fa fa-caret-right icon-caret-right\"><\/i><\/a><\/p>\n","protected":false},"author":1,"featured_media":5408,"comment_status":"open","ping_status":"open","sticky":false,"template":"","format":"gallery","meta":{"footnotes":""},"categories":[62,1],"tags":[],"_links":{"self":[{"href":"https:\/\/www.fcedu.uner.edu.ar\/medianayterceraedad\/index.php?rest_route=\/wp\/v2\/posts\/5385"}],"collection":[{"href":"https:\/\/www.fcedu.uner.edu.ar\/medianayterceraedad\/index.php?rest_route=\/wp\/v2\/posts"}],"about":[{"href":"https:\/\/www.fcedu.uner.edu.ar\/medianayterceraedad\/index.php?rest_route=\/wp\/v2\/types\/post"}],"author":[{"embeddable":true,"href":"https:\/\/www.fcedu.uner.edu.ar\/medianayterceraedad\/index.php?rest_route=\/wp\/v2\/users\/1"}],"replies":[{"embeddable":true,"href":"https:\/\/www.fcedu.uner.edu.ar\/medianayterceraedad\/index.php?rest_route=%2Fwp%2Fv2%2Fcomments&post=5385"}],"version-history":[{"count":8,"href":"https:\/\/www.fcedu.uner.edu.ar\/medianayterceraedad\/index.php?rest_route=\/wp\/v2\/posts\/5385\/revisions"}],"predecessor-version":[{"id":5426,"href":"https:\/\/www.fcedu.uner.edu.ar\/medianayterceraedad\/index.php?rest_route=\/wp\/v2\/posts\/5385\/revisions\/5426"}],"wp:featuredmedia":[{"embeddable":true,"href":"https:\/\/www.fcedu.uner.edu.ar\/medianayterceraedad\/index.php?rest_route=\/wp\/v2\/media\/5408"}],"wp:attachment":[{"href":"https:\/\/www.fcedu.uner.edu.ar\/medianayterceraedad\/index.php?rest_route=%2Fwp%2Fv2%2Fmedia&parent=5385"}],"wp:term":[{"taxonomy":"category","embeddable":true,"href":"https:\/\/www.fcedu.uner.edu.ar\/medianayterceraedad\/index.php?rest_route=%2Fwp%2Fv2%2Fcategories&post=5385"},{"taxonomy":"post_tag","embeddable":true,"href":"https:\/\/www.fcedu.uner.edu.ar\/medianayterceraedad\/index.php?rest_route=%2Fwp%2Fv2%2Ftags&post=5385"}],"curies":[{"name":"wp","href":"https:\/\/api.w.org\/{rel}","templated":true}]}}