{"id":5584,"date":"2025-03-13T18:57:13","date_gmt":"2025-03-13T21:57:13","guid":{"rendered":"https:\/\/www.fcedu.uner.edu.ar\/medianayterceraedad\/?p=5584"},"modified":"2025-03-13T18:57:57","modified_gmt":"2025-03-13T21:57:57","slug":"estan-abiertas-las-inscripciones-a-los-cursos-y-talleres-del-2025","status":"publish","type":"post","link":"https:\/\/www.fcedu.uner.edu.ar\/medianayterceraedad\/?p=5584","title":{"rendered":"Est\u00e1n abiertas las inscripciones a los cursos y talleres del 2025"},"content":{"rendered":"<p>Desde el 10 de marzo hasta el 4 de abril inclusive invitamos a la comunidad a inscribirse a los cursos y talleres del primer trimestre que ofrece el Departamento de Mediana y Tercera Edad.<\/p>\n<p>El tr\u00e1mite de inscripci\u00f3n puede realizarse de manera presencial en <strong>Alameda de la Federaci\u00f3n 109<\/strong> o de manera virtual al correo del Departamento <strong><a href=\"mailto:dmyte.fcedu@uner.edu.ar\">dmyte.fcedu@uner.edu.ar<\/a><\/strong>, de lunes a viernes de 16:00 a 19:00 horas.<\/p>\n<p>El inicio de clases ser\u00e1 el 7 de abril. Hay para elegir m\u00e1s de 30 cursos y talleres enmarcadas en los ejes Ciencia y Sociedad, Art\u00edsticos-Expresivos, Corporales, Psicoestimulaci\u00f3n e Idiomas, que se desarrollar\u00e1n de lunes a viernes de manera presencial y virtual en diferentes horarios por ma\u00f1ana y la tarde.<\/p>\n<p>Para preguntas e inscripciones pueden escribir al:<\/p>\n<p>Correo:<strong> <a href=\"mailto:dmyte.fcedu@uner.edu.ar\">dmyte.fcedu@uner.edu.ar<\/a>\u00a0<\/strong><\/p>\n<p>Tel\u00e9fono: <strong>(0343) 4222033\/ 4235097<\/strong><\/p>\n<p>WhatsApp:<strong> 343 464-4681\u00a0<\/strong><\/p>\n<p>Para consultar los cursos y talleres propuestos clikee <span style=\"color: #008000;\"><strong><a style=\"color: #008000;\" href=\"https:\/\/drive.google.com\/file\/d\/12X8GUI4IMYxw8q8sdV8g-TVwNeh-G0mC\/view?usp=drive_link\">aqu\u00ed\u00a0<\/a><\/strong><\/span><\/p>\n<p>\u00a1Esperamos su participaci\u00f3n!<\/p>\n","protected":false},"excerpt":{"rendered":"<p>Desde el 10 de marzo hasta el 4 de abril inclusive invitamos a la comunidad a inscribirse a los cursos y talleres del primer trimestre que ofrece el Departamento de Mediana y Tercera Edad. El tr\u00e1mite de inscripci\u00f3n puede realizarse de manera presencial en Alameda de la Federaci\u00f3n 109 o de manera virtual al correo&#8230; <\/p>\n<div class=\"clear\"><\/div>\n<p><a href=\"https:\/\/www.fcedu.uner.edu.ar\/medianayterceraedad\/?p=5584\" class=\"excerpt-read-more\">Read More<i class=\"fa fa-caret-right icon-caret-right\"><\/i><\/a><\/p>\n","protected":false},"author":1,"featured_media":5585,"comment_status":"open","ping_status":"open","sticky":false,"template":"","format":"standard","meta":{"footnotes":""},"categories":[1],"tags":[],"_links":{"self":[{"href":"https:\/\/www.fcedu.uner.edu.ar\/medianayterceraedad\/index.php?rest_route=\/wp\/v2\/posts\/5584"}],"collection":[{"href":"https:\/\/www.fcedu.uner.edu.ar\/medianayterceraedad\/index.php?rest_route=\/wp\/v2\/posts"}],"about":[{"href":"https:\/\/www.fcedu.uner.edu.ar\/medianayterceraedad\/index.php?rest_route=\/wp\/v2\/types\/post"}],"author":[{"embeddable":true,"href":"https:\/\/www.fcedu.uner.edu.ar\/medianayterceraedad\/index.php?rest_route=\/wp\/v2\/users\/1"}],"replies":[{"embeddable":true,"href":"https:\/\/www.fcedu.uner.edu.ar\/medianayterceraedad\/index.php?rest_route=%2Fwp%2Fv2%2Fcomments&post=5584"}],"version-history":[{"count":7,"href":"https:\/\/www.fcedu.uner.edu.ar\/medianayterceraedad\/index.php?rest_route=\/wp\/v2\/posts\/5584\/revisions"}],"predecessor-version":[{"id":5592,"href":"https:\/\/www.fcedu.uner.edu.ar\/medianayterceraedad\/index.php?rest_route=\/wp\/v2\/posts\/5584\/revisions\/5592"}],"wp:featuredmedia":[{"embeddable":true,"href":"https:\/\/www.fcedu.uner.edu.ar\/medianayterceraedad\/index.php?rest_route=\/wp\/v2\/media\/5585"}],"wp:attachment":[{"href":"https:\/\/www.fcedu.uner.edu.ar\/medianayterceraedad\/index.php?rest_route=%2Fwp%2Fv2%2Fmedia&parent=5584"}],"wp:term":[{"taxonomy":"category","embeddable":true,"href":"https:\/\/www.fcedu.uner.edu.ar\/medianayterceraedad\/index.php?rest_route=%2Fwp%2Fv2%2Fcategories&post=5584"},{"taxonomy":"post_tag","embeddable":true,"href":"https:\/\/www.fcedu.uner.edu.ar\/medianayterceraedad\/index.php?rest_route=%2Fwp%2Fv2%2Ftags&post=5584"}],"curies":[{"name":"wp","href":"https:\/\/api.w.org\/{rel}","templated":true}]}}