{"id":5633,"date":"2025-05-07T13:13:53","date_gmt":"2025-05-07T16:13:53","guid":{"rendered":"https:\/\/www.fcedu.uner.edu.ar\/medianayterceraedad\/?p=5633"},"modified":"2025-05-08T15:49:04","modified_gmt":"2025-05-08T18:49:04","slug":"club-de-narradores-transformar-cuentos-en-puentes-hacia-la-comunidad","status":"publish","type":"post","link":"https:\/\/www.fcedu.uner.edu.ar\/medianayterceraedad\/?p=5633","title":{"rendered":"Club de Narradores: Transformar cuentos en puentes hacia la comunidad"},"content":{"rendered":"<p><span style=\"font-weight: 400;\">\u201cDe mi boca a tu coraz\u00f3n, de tu coraz\u00f3n a tu cabeza\u201d.<\/span><\/p>\n<p><span style=\"font-weight: 400;\">Ese es el lema que se instala en el seno del Club de Narradores, que comenz\u00f3 a funcionar hace 31 a\u00f1os, considerando la narraci\u00f3n oral de cuentos como una <\/span><b>estrategia para incentivar la lectura en ni\u00f1os y j\u00f3venes<\/b><span style=\"font-weight: 400;\">, y como una forma de estimular el ejercicio mental en adultos y personas mayores.<\/span><\/p>\n<p><span style=\"font-weight: 400;\">El Club de Narradores forma parte de los cursos y talleres que se dictan en el Departamento de la Mediana y la Tercera Edad, dependiente de la Secretar\u00eda de Extensi\u00f3n y Cultura de la Facultad de Ciencias de la Educaci\u00f3n (FCEdu).<\/span><\/p>\n<p><span style=\"font-weight: 400;\">\u201cEl Club de Narradores naci\u00f3 para que las personas de la mediana y tercera edad pudieran tener un espacio despu\u00e9s de jubilarse, cuando ya no hay tantas tareas por hacer. Un lugar al que puedan asistir y, con el acompa\u00f1amiento de personal capacitado, aprender cuentos o historias que luego compartimos en las escuelas de Paran\u00e1 y sus alrededores\u201d, expresan quienes lo integran desde hace varios a\u00f1os.<\/span><\/p>\n<p><span style=\"font-weight: 400;\">Con una amplia trayectoria recorriendo espacios educativos, culturales y comunitarios, el Club \u2014<\/span><b>creado en agosto de 1993<\/b><span style=\"font-weight: 400;\"> bajo la coordinaci\u00f3n de la profesora Mirta Cossia de Pacher\u2014 <\/span><b>contin\u00faa con su actividad sin intenci\u00f3n de detenerse<\/b><span style=\"font-weight: 400;\">. Desarrolla sus clases en las aulas de la FCEdu y comparte sus narraciones en diversos espacios de la ciudad de Paran\u00e1, construyendo v\u00ednculos intergeneracionales. Esas interacciones son las m\u00e1s significativas, lo que impulsa a sus miembros a seguir:<\/span><\/p>\n<p><span style=\"font-weight: 400;\">\u201cVos te encontr\u00e1s con gente peque\u00f1a, con adolescentes, con adultos, y eso produce emociones de ida y vuelta a trav\u00e9s del cuento. \u00bfQu\u00e9 hay m\u00e1s importante que recibir el abrazo de los chicos, su sonrisa\u2026? A veces tambi\u00e9n aplauden, y eso es una gratificaci\u00f3n que, a nuestra edad, vale un mont\u00f3n\u201d, aseguran las integrantes del grupo.<\/span><\/p>\n<p><span style=\"font-weight: 400;\">Bajo <\/span>la coordinaci\u00f3n <span style=\"font-weight: 400;\">de los profesores V\u00edctor Villarraza y Silvia Schierloh, y Malena Sarrot como colaboradora, <strong>se sostiene<\/strong> <strong>l<\/strong><\/span><b>a estructura y la esencia del Club<\/b><span style=\"font-weight: 400;\">, dedicado a la acci\u00f3n en la comunidad, la animaci\u00f3n de la lectura y la narraci\u00f3n de cuentos.<\/span><\/p>\n<p><span style=\"font-weight: 400;\">En este sentido, Malena menciona: \u201cYo no pertenec\u00eda a este grupo, pero lo conozco desde hace much\u00edsimos a\u00f1os. Soy narradora independiente, y toda la vida tuve el placer de saberlas contando en las escuelas, con los chicos. Las admiro profundamente porque hacen una tarea maravillosa: nutrir esos corazones y esas cabecitas. Este a\u00f1o tengo la suerte de estar con V\u00edctor Villarraza, asesor\u00e1ndolas un poco,pero ellas son unas genias en lo que hacen\u201d.<\/span><\/p>\n<p><span style=\"font-weight: 400;\">Con una propuesta que abarca desde el fortalecimiento de habilidades en la narraci\u00f3n oral y la adaptaci\u00f3n de textos, hasta la revalorizaci\u00f3n del uso de la palabra, la voz, el gesto, el cuerpo y el pensamiento narrativo, el equipo contin\u00faa con la misi\u00f3n sobre la que se fund\u00f3 el Club.<\/span><\/p>\n<p><span style=\"font-weight: 400;\">Actualmente, las clases, que se dictan los martes, cuentan con un total de <strong>20<\/strong><\/span><b> narradoras y narradores<\/b><span style=\"font-weight: 400;\"> que siguen el mismo horizonte: narrar en y para la comunidad. Una actividad que realizan con entrega, ya que, al ser consultadas sobre el Club, las integrantes responden: \u201cSon espacios de disfrute, tanto el estar entre nosotras como el ir a las escuelas o a los distintos lugares donde tratamos de que la narraci\u00f3n sea tambi\u00e9n un disfrute para los otros\u201d.<\/span><\/p>\n<p><span style=\"font-weight: 400;\">\u201cTodo cuento puede ser escuchado\u201d, mencionan las narradoras. Para cada encuentro seleccionan historias que conmueven, que despiertan imaginaci\u00f3n, que interpelan. Cuentos para todos. \u201cSon cuentos que puede escuchar cualquier persona que tenga inter\u00e9s por una historia. Eso tambi\u00e9n te hace sentir muy bien, cuando est\u00e1s terminando y te das cuenta de que algo pas\u00f3, por ejemplo, que te escucharon\u201d.\u00a0<\/span><\/p>\n<p><span style=\"font-weight: 400;\">Encontrar una historia para narrar es hallar aquello que da sentido a las emociones. Emociones que quieren compartirse y que merecen ser escuchadas por la comunidad. Como menciona Sarrot: \u201cDecirte que es algo que la sociedad paranaense tiene que disfrutar, valorar y aprovechar, porque es un espacio muy hermoso. Para las escuelas es una satisfacci\u00f3n que ellas vayan, las visiten y les cuenten hermosas historias\u201d.<\/span><\/p>\n<p>&nbsp;<\/p>\n<p><b>Encuentros y contactos<\/b><\/p>\n<p><span style=\"font-weight: 400;\">El Club de Narradores contin\u00faa participando de visitas y reuniones en diferentes instituciones. Adem\u00e1s de la propuesta de \u201cContar cuentos\u201d en la biblioteca popular, en el mes de junio estar\u00e1n visitando la Biblioteca Pedag\u00f3gica \u201cProfesor Filiberto Reula\u201d y la Escuela N\u00b035 \u201cCes\u00e1reo Bernaldo de Quir\u00f3s\u201d.\u00a0<\/span><\/p>\n<p><span style=\"font-weight: 400;\">\u00a0<\/span><\/p>\n<p><span style=\"font-weight: 400;\">Las instituciones que deseen contactarse con el Club deber\u00e1n escribir al correo\u00a0 <\/span><span style=\"color: #003366;\"><a style=\"color: #003366;\" href=\"mailto:dmyte.fcedu@uner.edu.ar\"><span style=\"font-weight: 400;\">dmyte.fcedu@uner.edu.ar<\/span><\/a><span style=\"font-weight: 400;\">\u00a0<\/span><\/span><\/p>\n<p><span style=\"font-weight: 400;\">Recordamos que <\/span><b>las visitas a las escuelas est\u00e1n pautadas para los d\u00edas mi\u00e9rcoles<\/b><span style=\"font-weight: 400;\">, en diferentes horarios de la ma\u00f1ana y de la tarde<\/span><\/p>\n<p>&nbsp;<\/p>\n<div class=\"gdlr-shortcode-wrapper\"><div class=\"gdlr-gallery-item gdlr-item\" ><div class=\"gallery-column four columns\"><div class=\"gallery-item\"><a href=\"https:\/\/www.fcedu.uner.edu.ar\/medianayterceraedad\/?attachment_id=5645\" data-rel=\"fancybox\" ><img src=\"https:\/\/www.fcedu.uner.edu.ar\/medianayterceraedad\/wp-content\/uploads\/2025\/05\/Captura-de-pantalla-128-150x150.png\" alt=\"\" width=\"150\" height=\"150\" \/><\/a><span class=\"gallery-caption\"><\/span><\/div><\/div><div class=\"gallery-column four columns\"><div class=\"gallery-item\"><a href=\"https:\/\/www.fcedu.uner.edu.ar\/medianayterceraedad\/?attachment_id=5644\" data-rel=\"fancybox\" ><img src=\"https:\/\/www.fcedu.uner.edu.ar\/medianayterceraedad\/wp-content\/uploads\/2025\/05\/WhatsApp-Image-2025-04-25-at-11.37.19-AM-150x150.jpeg\" alt=\"\" width=\"150\" height=\"150\" \/><\/a><span class=\"gallery-caption\"><\/span><\/div><\/div><div class=\"gallery-column four columns\"><div class=\"gallery-item\"><a href=\"https:\/\/www.fcedu.uner.edu.ar\/medianayterceraedad\/?attachment_id=5641\" data-rel=\"fancybox\" ><img src=\"https:\/\/www.fcedu.uner.edu.ar\/medianayterceraedad\/wp-content\/uploads\/2025\/05\/WhatsApp-Image-2025-04-23-at-12.46.10-PM-1-150x150.jpeg\" alt=\"\" width=\"150\" height=\"150\" \/><\/a><span class=\"gallery-caption\"><\/span><\/div><\/div><div class=\"clear\"><\/div><div class=\"gallery-column four columns\"><div class=\"gallery-item\"><a href=\"https:\/\/www.fcedu.uner.edu.ar\/medianayterceraedad\/?attachment_id=5643\" data-rel=\"fancybox\" ><img src=\"https:\/\/www.fcedu.uner.edu.ar\/medianayterceraedad\/wp-content\/uploads\/2025\/05\/WhatsApp-Image-2025-04-25-at-12.59.24-PM-150x150.jpeg\" alt=\"\" width=\"150\" height=\"150\" \/><\/a><span class=\"gallery-caption\"><\/span><\/div><\/div><div class=\"gallery-column four columns\"><div class=\"gallery-item\"><a href=\"https:\/\/www.fcedu.uner.edu.ar\/medianayterceraedad\/?attachment_id=5639\" data-rel=\"fancybox\" ><img src=\"https:\/\/www.fcedu.uner.edu.ar\/medianayterceraedad\/wp-content\/uploads\/2025\/05\/WhatsApp-Image-2025-04-23-at-12.46.06-PM-1-150x150.jpeg\" alt=\"\" width=\"150\" height=\"150\" \/><\/a><span class=\"gallery-caption\"><\/span><\/div><\/div><div class=\"gallery-column four columns\"><div class=\"gallery-item\"><a href=\"https:\/\/www.fcedu.uner.edu.ar\/medianayterceraedad\/?attachment_id=5642\" data-rel=\"fancybox\" ><img src=\"https:\/\/www.fcedu.uner.edu.ar\/medianayterceraedad\/wp-content\/uploads\/2025\/05\/WhatsApp-Image-2025-04-25-at-12.59.21-PM-150x150.jpeg\" alt=\"\" width=\"150\" height=\"150\" \/><\/a><span class=\"gallery-caption\"><\/span><\/div><\/div><div class=\"clear\"><\/div><div class=\"gallery-column four columns\"><div class=\"gallery-item\"><a href=\"https:\/\/www.fcedu.uner.edu.ar\/medianayterceraedad\/?attachment_id=5638\" data-rel=\"fancybox\" ><img src=\"https:\/\/www.fcedu.uner.edu.ar\/medianayterceraedad\/wp-content\/uploads\/2025\/05\/WhatsApp-Image-2025-04-22-at-11.51.18-AM-150x150.jpeg\" alt=\"\" width=\"150\" height=\"150\" \/><\/a><span class=\"gallery-caption\"><\/span><\/div><\/div><div class=\"gallery-column four columns\"><div class=\"gallery-item\"><a href=\"https:\/\/www.fcedu.uner.edu.ar\/medianayterceraedad\/?attachment_id=5640\" data-rel=\"fancybox\" ><img src=\"https:\/\/www.fcedu.uner.edu.ar\/medianayterceraedad\/wp-content\/uploads\/2025\/05\/WhatsApp-Image-2025-04-24-at-9.56.15-AM-150x150.jpeg\" alt=\"\" width=\"150\" height=\"150\" \/><\/a><span class=\"gallery-caption\"><\/span><\/div><\/div><div class=\"clear\"><\/div><\/div><\/div>\n<p>&nbsp;<\/p>\n","protected":false},"excerpt":{"rendered":"<p>\u201cDe mi boca a tu coraz\u00f3n, de tu coraz\u00f3n a tu cabeza\u201d. Ese es el lema que se instala en el seno del Club de Narradores, que comenz\u00f3 a funcionar hace 31 a\u00f1os, considerando la narraci\u00f3n oral de cuentos como una estrategia para incentivar la lectura en ni\u00f1os y j\u00f3venes, y como una forma de&#8230; <\/p>\n<div class=\"clear\"><\/div>\n<p><a href=\"https:\/\/www.fcedu.uner.edu.ar\/medianayterceraedad\/?p=5633\" class=\"excerpt-read-more\">Read More<i class=\"fa fa-caret-right icon-caret-right\"><\/i><\/a><\/p>\n","protected":false},"author":1,"featured_media":5634,"comment_status":"open","ping_status":"open","sticky":false,"template":"","format":"standard","meta":{"footnotes":""},"categories":[30,1],"tags":[],"_links":{"self":[{"href":"https:\/\/www.fcedu.uner.edu.ar\/medianayterceraedad\/index.php?rest_route=\/wp\/v2\/posts\/5633"}],"collection":[{"href":"https:\/\/www.fcedu.uner.edu.ar\/medianayterceraedad\/index.php?rest_route=\/wp\/v2\/posts"}],"about":[{"href":"https:\/\/www.fcedu.uner.edu.ar\/medianayterceraedad\/index.php?rest_route=\/wp\/v2\/types\/post"}],"author":[{"embeddable":true,"href":"https:\/\/www.fcedu.uner.edu.ar\/medianayterceraedad\/index.php?rest_route=\/wp\/v2\/users\/1"}],"replies":[{"embeddable":true,"href":"https:\/\/www.fcedu.uner.edu.ar\/medianayterceraedad\/index.php?rest_route=%2Fwp%2Fv2%2Fcomments&post=5633"}],"version-history":[{"count":5,"href":"https:\/\/www.fcedu.uner.edu.ar\/medianayterceraedad\/index.php?rest_route=\/wp\/v2\/posts\/5633\/revisions"}],"predecessor-version":[{"id":5651,"href":"https:\/\/www.fcedu.uner.edu.ar\/medianayterceraedad\/index.php?rest_route=\/wp\/v2\/posts\/5633\/revisions\/5651"}],"wp:featuredmedia":[{"embeddable":true,"href":"https:\/\/www.fcedu.uner.edu.ar\/medianayterceraedad\/index.php?rest_route=\/wp\/v2\/media\/5634"}],"wp:attachment":[{"href":"https:\/\/www.fcedu.uner.edu.ar\/medianayterceraedad\/index.php?rest_route=%2Fwp%2Fv2%2Fmedia&parent=5633"}],"wp:term":[{"taxonomy":"category","embeddable":true,"href":"https:\/\/www.fcedu.uner.edu.ar\/medianayterceraedad\/index.php?rest_route=%2Fwp%2Fv2%2Fcategories&post=5633"},{"taxonomy":"post_tag","embeddable":true,"href":"https:\/\/www.fcedu.uner.edu.ar\/medianayterceraedad\/index.php?rest_route=%2Fwp%2Fv2%2Ftags&post=5633"}],"curies":[{"name":"wp","href":"https:\/\/api.w.org\/{rel}","templated":true}]}}