{"id":5660,"date":"2025-05-09T09:57:20","date_gmt":"2025-05-09T12:57:20","guid":{"rendered":"https:\/\/www.fcedu.uner.edu.ar\/medianayterceraedad\/?p=5660"},"modified":"2025-05-09T10:01:38","modified_gmt":"2025-05-09T13:01:38","slug":"integrantes-del-club-de-narradores-participan-en-el-iv-festival-internacional-de-narracion-oral-abrazo-de-agua","status":"publish","type":"post","link":"https:\/\/www.fcedu.uner.edu.ar\/medianayterceraedad\/?p=5660","title":{"rendered":"Integrantes del Club de Narradores participan en el IV Festival Internacional de Narraci\u00f3n Oral \u201cAbrazo de Agua\u201d"},"content":{"rendered":"<p><span style=\"font-weight: 400;\">Este viernes, las narradoras Beatriz Montaldo, Liliana Mort\u00f3rfano y Silvia Moreyra participan en el Festival Internacional Oral \u201cAbrazo de Agua\u201d que tiene lugar en diferentes instituciones educativas y culturales de las ciudades de Paran\u00e1 y Santa Fe hasta este s\u00e1bado 10 de mayo.<\/span><\/p>\n<p><span style=\"font-weight: 400;\">El Festival que tiene por objetivo \u201cPromover la narraci\u00f3n oral\u201d, invita a participar a todos los narradores y narradoras que se encuentren en ejercicio y deseen compartir su \u201carte de contar\u201d. Adem\u00e1s, se sumar\u00e1n referentes de la disciplina de otras provincias y de otros pa\u00edses como M\u00e9xico, Costa Rica, Espa\u00f1a, Bolivia, Uruguay.\u00a0<\/span><\/p>\n<p><span style=\"font-weight: 400;\">A partir de las 9,30 horas, las integrantes del taller del Departamento de la Mediana y Tercera Edad narran en el jard\u00edn de la Escuela N\u00b016 del Centenario, en el nivel primario de la Escuela N\u00b088 Bartolom\u00e9 Mitre y en el nivel primario de la Escuela N\u00b08 Juan Mart\u00edn de Pueyrred\u00f3n.\u00a0<\/span><\/p>\n<p>&nbsp;<\/p>\n","protected":false},"excerpt":{"rendered":"<p>Este viernes, las narradoras Beatriz Montaldo, Liliana Mort\u00f3rfano y Silvia Moreyra participan en el Festival Internacional Oral \u201cAbrazo de Agua\u201d que tiene lugar en diferentes instituciones educativas y culturales de las ciudades de Paran\u00e1 y Santa Fe hasta este s\u00e1bado 10 de mayo. El Festival que tiene por objetivo \u201cPromover la narraci\u00f3n oral\u201d, invita a&#8230; <\/p>\n<div class=\"clear\"><\/div>\n<p><a href=\"https:\/\/www.fcedu.uner.edu.ar\/medianayterceraedad\/?p=5660\" class=\"excerpt-read-more\">Read More<i class=\"fa fa-caret-right icon-caret-right\"><\/i><\/a><\/p>\n","protected":false},"author":1,"featured_media":5661,"comment_status":"open","ping_status":"open","sticky":false,"template":"","format":"standard","meta":{"footnotes":""},"categories":[30,1],"tags":[],"_links":{"self":[{"href":"https:\/\/www.fcedu.uner.edu.ar\/medianayterceraedad\/index.php?rest_route=\/wp\/v2\/posts\/5660"}],"collection":[{"href":"https:\/\/www.fcedu.uner.edu.ar\/medianayterceraedad\/index.php?rest_route=\/wp\/v2\/posts"}],"about":[{"href":"https:\/\/www.fcedu.uner.edu.ar\/medianayterceraedad\/index.php?rest_route=\/wp\/v2\/types\/post"}],"author":[{"embeddable":true,"href":"https:\/\/www.fcedu.uner.edu.ar\/medianayterceraedad\/index.php?rest_route=\/wp\/v2\/users\/1"}],"replies":[{"embeddable":true,"href":"https:\/\/www.fcedu.uner.edu.ar\/medianayterceraedad\/index.php?rest_route=%2Fwp%2Fv2%2Fcomments&post=5660"}],"version-history":[{"count":1,"href":"https:\/\/www.fcedu.uner.edu.ar\/medianayterceraedad\/index.php?rest_route=\/wp\/v2\/posts\/5660\/revisions"}],"predecessor-version":[{"id":5662,"href":"https:\/\/www.fcedu.uner.edu.ar\/medianayterceraedad\/index.php?rest_route=\/wp\/v2\/posts\/5660\/revisions\/5662"}],"wp:featuredmedia":[{"embeddable":true,"href":"https:\/\/www.fcedu.uner.edu.ar\/medianayterceraedad\/index.php?rest_route=\/wp\/v2\/media\/5661"}],"wp:attachment":[{"href":"https:\/\/www.fcedu.uner.edu.ar\/medianayterceraedad\/index.php?rest_route=%2Fwp%2Fv2%2Fmedia&parent=5660"}],"wp:term":[{"taxonomy":"category","embeddable":true,"href":"https:\/\/www.fcedu.uner.edu.ar\/medianayterceraedad\/index.php?rest_route=%2Fwp%2Fv2%2Fcategories&post=5660"},{"taxonomy":"post_tag","embeddable":true,"href":"https:\/\/www.fcedu.uner.edu.ar\/medianayterceraedad\/index.php?rest_route=%2Fwp%2Fv2%2Ftags&post=5660"}],"curies":[{"name":"wp","href":"https:\/\/api.w.org\/{rel}","templated":true}]}}