{"id":5663,"date":"2025-05-09T10:51:53","date_gmt":"2025-05-09T13:51:53","guid":{"rendered":"https:\/\/www.fcedu.uner.edu.ar\/medianayterceraedad\/?p=5663"},"modified":"2025-05-09T10:51:53","modified_gmt":"2025-05-09T13:51:53","slug":"el-taller-de-canto-del-departamento-de-la-mediana-y-tercera-edad-cerrara-un-congreso-en-parana","status":"publish","type":"post","link":"https:\/\/www.fcedu.uner.edu.ar\/medianayterceraedad\/?p=5663","title":{"rendered":"El Taller de Canto del Departamento de la Mediana y Tercera Edad cerrar\u00e1 un congreso en Paran\u00e1."},"content":{"rendered":"<p><span style=\"font-weight: 400;\">El taller de Canto Unido del Departamento de la Mediana y Tercera Edad ser\u00e1 el encargado de dar el cierre cultural musical del 1er Congreso provincial \u201cCuidado Integral de Personas Mayores\u201d, organizado de manera conjunta entre el Ministerio de Desarrollo Humano y la Facultad de Ciencias de la Vida y la Salud de la Universidad Aut\u00f3noma de Entre R\u00edos (UADER).<\/span><\/p>\n<p><span style=\"font-weight: 400;\">El evento se realizar\u00e1 el viernes 16 de mayo de 8 a 18 horas en el Auditorio de la Universidad Cat\u00f3lica Argentina, Sede Paran\u00e1. Contar\u00e1 con la exposici\u00f3n de reconocidos referentes, expertos en la tem\u00e1tica y habr\u00e1 espacios de debate.<\/span><\/p>\n<p><span style=\"font-weight: 400;\">Este encuentro est\u00e1 enmarcado en la IX edici\u00f3n de las Jornadas Provinciales de Personas Mayores, iniciativa que se desarrolla desde el 2016 con el prop\u00f3sito de generar y sostener un \u00e1mbito de reflexi\u00f3n, intercambio, debate y aprendizaje colectivo en base a los conocimientos y saberes sobre las vejeces.<\/span><\/p>\n<p>&nbsp;<\/p>\n<p><span style=\"font-weight: 400;\"><img decoding=\"async\" loading=\"lazy\" class=\"alignnone  wp-image-5668\" src=\"https:\/\/www.fcedu.uner.edu.ar\/medianayterceraedad\/wp-content\/uploads\/2025\/05\/Captura-de-pantalla-130-300x200.png\" alt=\"\" width=\"446\" height=\"297\" srcset=\"https:\/\/www.fcedu.uner.edu.ar\/medianayterceraedad\/wp-content\/uploads\/2025\/05\/Captura-de-pantalla-130-300x200.png 300w, https:\/\/www.fcedu.uner.edu.ar\/medianayterceraedad\/wp-content\/uploads\/2025\/05\/Captura-de-pantalla-130-768x511.png 768w, https:\/\/www.fcedu.uner.edu.ar\/medianayterceraedad\/wp-content\/uploads\/2025\/05\/Captura-de-pantalla-130-272x182.png 272w, https:\/\/www.fcedu.uner.edu.ar\/medianayterceraedad\/wp-content\/uploads\/2025\/05\/Captura-de-pantalla-130.png 958w\" sizes=\"(max-width: 446px) 100vw, 446px\" \/><\/span><\/p>\n","protected":false},"excerpt":{"rendered":"<p>El taller de Canto Unido del Departamento de la Mediana y Tercera Edad ser\u00e1 el encargado de dar el cierre cultural musical del 1er Congreso provincial \u201cCuidado Integral de Personas Mayores\u201d, organizado de manera conjunta entre el Ministerio de Desarrollo Humano y la Facultad de Ciencias de la Vida y la Salud de la Universidad&#8230; <\/p>\n<div class=\"clear\"><\/div>\n<p><a href=\"https:\/\/www.fcedu.uner.edu.ar\/medianayterceraedad\/?p=5663\" class=\"excerpt-read-more\">Read More<i class=\"fa fa-caret-right icon-caret-right\"><\/i><\/a><\/p>\n","protected":false},"author":1,"featured_media":5667,"comment_status":"open","ping_status":"open","sticky":false,"template":"","format":"standard","meta":{"footnotes":""},"categories":[1],"tags":[],"_links":{"self":[{"href":"https:\/\/www.fcedu.uner.edu.ar\/medianayterceraedad\/index.php?rest_route=\/wp\/v2\/posts\/5663"}],"collection":[{"href":"https:\/\/www.fcedu.uner.edu.ar\/medianayterceraedad\/index.php?rest_route=\/wp\/v2\/posts"}],"about":[{"href":"https:\/\/www.fcedu.uner.edu.ar\/medianayterceraedad\/index.php?rest_route=\/wp\/v2\/types\/post"}],"author":[{"embeddable":true,"href":"https:\/\/www.fcedu.uner.edu.ar\/medianayterceraedad\/index.php?rest_route=\/wp\/v2\/users\/1"}],"replies":[{"embeddable":true,"href":"https:\/\/www.fcedu.uner.edu.ar\/medianayterceraedad\/index.php?rest_route=%2Fwp%2Fv2%2Fcomments&post=5663"}],"version-history":[{"count":4,"href":"https:\/\/www.fcedu.uner.edu.ar\/medianayterceraedad\/index.php?rest_route=\/wp\/v2\/posts\/5663\/revisions"}],"predecessor-version":[{"id":5672,"href":"https:\/\/www.fcedu.uner.edu.ar\/medianayterceraedad\/index.php?rest_route=\/wp\/v2\/posts\/5663\/revisions\/5672"}],"wp:featuredmedia":[{"embeddable":true,"href":"https:\/\/www.fcedu.uner.edu.ar\/medianayterceraedad\/index.php?rest_route=\/wp\/v2\/media\/5667"}],"wp:attachment":[{"href":"https:\/\/www.fcedu.uner.edu.ar\/medianayterceraedad\/index.php?rest_route=%2Fwp%2Fv2%2Fmedia&parent=5663"}],"wp:term":[{"taxonomy":"category","embeddable":true,"href":"https:\/\/www.fcedu.uner.edu.ar\/medianayterceraedad\/index.php?rest_route=%2Fwp%2Fv2%2Fcategories&post=5663"},{"taxonomy":"post_tag","embeddable":true,"href":"https:\/\/www.fcedu.uner.edu.ar\/medianayterceraedad\/index.php?rest_route=%2Fwp%2Fv2%2Ftags&post=5663"}],"curies":[{"name":"wp","href":"https:\/\/api.w.org\/{rel}","templated":true}]}}