{"id":5673,"date":"2025-05-13T10:03:13","date_gmt":"2025-05-13T13:03:13","guid":{"rendered":"https:\/\/www.fcedu.uner.edu.ar\/medianayterceraedad\/?p=5673"},"modified":"2025-05-13T10:05:35","modified_gmt":"2025-05-13T13:05:35","slug":"parana-medita-primeras-jornadas","status":"publish","type":"post","link":"https:\/\/www.fcedu.uner.edu.ar\/medianayterceraedad\/?p=5673","title":{"rendered":"Paran\u00e1 Medita: Primeras Jornadas"},"content":{"rendered":"<p><span style=\"font-weight: 400; color: #000000;\">Los d\u00edas 16 y 17 de mayo se realizar\u00e1n las <em>Primeras Jornadas de Paran\u00e1 Medita<\/em>, a cargo de referentes de varios grupos que realizan esta pr\u00e1ctica en la ciudad. Este evento es promovido por Aulas Abiertas Itinerantes del Departamento de la Mediana y la Tercera Edad en articulaci\u00f3n con la Municipalidad de Paran\u00e1. Cada d\u00eda, la jornada comenzar\u00e1 a las 17:00 horas y ser\u00e1 en Sala Mayo, en la costanera de la ciudad de Paran\u00e1.\u00a0<\/span><\/p>\n<p><span style=\"font-weight: 400; color: #000000;\"><em>\u00bfQu\u00e9 significa la meditaci\u00f3n o el meditar? \u00bfEs una disciplina, una pr\u00e1ctica, una t\u00e9cnica, un camino espiritual, una posibilidad terap\u00e9utica?<\/em> Con el objetivo de ir desentra\u00f1ando estas preguntas y de visibilizar los diversos espacios de meditaci\u00f3n que existen en Paran\u00e1, estas jornadas est\u00e1n dirigidas a todo p\u00fablico, tanto para quienes tienen alguna experiencia en meditaci\u00f3n como para quienes deseen acercarse por primera vez.\u00a0<\/span><\/p>\n<p><span style=\"font-weight: 400; color: #000000;\">Norma Barbagelata, Silvia Bertocchi y Silvia Rollano, Juan Barbagelata, Mart\u00edn Delaloye y Jos\u00e9 Salerno, referentes de Juntos Meditando, Casa Luz, Zen Paran\u00e1, Shanti Kutir y el Arte de Vivir, respectivamente, dialogar\u00e1n en torno a sus miradas sobre la meditaci\u00f3n, el marco conceptual o paradigmas que gu\u00eda a cada grupo, los detalles de la pr\u00e1ctica que sostienen habitualmente, como as\u00ed tambi\u00e9n responder inquietudes del p\u00fablico interesado.<\/span><\/p>\n<p><span style=\"font-weight: 400; color: #000000;\">El prop\u00f3sito de este evento es iniciar una conversaci\u00f3n, amplia y abierta, sobre los sentidos del acto de meditar, teniendo en cuenta las diversas corrientes, los enfoques existentes, los beneficios que ofrece y c\u00f3mo se dimensiona la meditaci\u00f3n en los tiempos actuales y los modos de hacer comunidad. Tambi\u00e9n se busca difundir las posibilidades disponibles de meditar con otros en Paran\u00e1, rese\u00f1ando detalles de cada grupo.\u00a0 Se entregar\u00e1 material con informaci\u00f3n relevante.\u00a0<\/span><\/p>\n<p><span style=\"font-weight: 400;\"><span style=\"color: #000000;\">Cabe aclarar que, si bien las jornadas son independientes, en cada d\u00eda se abordar\u00e1n tem\u00e1ticas diferentes. La propuesta es abierta y gratuita, y por cuestiones organizativas invitamos a los interesados a inscribirse en:<\/span>\u00a0<\/span><\/p>\n<p><strong><a href=\"https:\/\/docs.google.com\/forms\/d\/1jOAUGqQlj4oKHcSz4nqiV8bFTX4dYw3nWxt7pb2jYLc\/viewform?edit_requested=true\">https:\/\/docs.google.com\/forms\/d\/1jOAUGqQlj4oKHcSz4nqiV8bFTX4dYw3nWxt7pb2jYLc\/viewform?edit_requested=true\u00a0<\/a><\/strong><\/p>\n<p>&nbsp;<\/p>\n","protected":false},"excerpt":{"rendered":"<p>Los d\u00edas 16 y 17 de mayo se realizar\u00e1n las Primeras Jornadas de Paran\u00e1 Medita, a cargo de referentes de varios grupos que realizan esta pr\u00e1ctica en la ciudad. Este evento es promovido por Aulas Abiertas Itinerantes del Departamento de la Mediana y la Tercera Edad en articulaci\u00f3n con la Municipalidad de Paran\u00e1. Cada d\u00eda,&#8230; <\/p>\n<div class=\"clear\"><\/div>\n<p><a href=\"https:\/\/www.fcedu.uner.edu.ar\/medianayterceraedad\/?p=5673\" class=\"excerpt-read-more\">Read More<i class=\"fa fa-caret-right icon-caret-right\"><\/i><\/a><\/p>\n","protected":false},"author":1,"featured_media":5674,"comment_status":"open","ping_status":"open","sticky":false,"template":"","format":"standard","meta":{"footnotes":""},"categories":[31,1],"tags":[],"_links":{"self":[{"href":"https:\/\/www.fcedu.uner.edu.ar\/medianayterceraedad\/index.php?rest_route=\/wp\/v2\/posts\/5673"}],"collection":[{"href":"https:\/\/www.fcedu.uner.edu.ar\/medianayterceraedad\/index.php?rest_route=\/wp\/v2\/posts"}],"about":[{"href":"https:\/\/www.fcedu.uner.edu.ar\/medianayterceraedad\/index.php?rest_route=\/wp\/v2\/types\/post"}],"author":[{"embeddable":true,"href":"https:\/\/www.fcedu.uner.edu.ar\/medianayterceraedad\/index.php?rest_route=\/wp\/v2\/users\/1"}],"replies":[{"embeddable":true,"href":"https:\/\/www.fcedu.uner.edu.ar\/medianayterceraedad\/index.php?rest_route=%2Fwp%2Fv2%2Fcomments&post=5673"}],"version-history":[{"count":5,"href":"https:\/\/www.fcedu.uner.edu.ar\/medianayterceraedad\/index.php?rest_route=\/wp\/v2\/posts\/5673\/revisions"}],"predecessor-version":[{"id":5679,"href":"https:\/\/www.fcedu.uner.edu.ar\/medianayterceraedad\/index.php?rest_route=\/wp\/v2\/posts\/5673\/revisions\/5679"}],"wp:featuredmedia":[{"embeddable":true,"href":"https:\/\/www.fcedu.uner.edu.ar\/medianayterceraedad\/index.php?rest_route=\/wp\/v2\/media\/5674"}],"wp:attachment":[{"href":"https:\/\/www.fcedu.uner.edu.ar\/medianayterceraedad\/index.php?rest_route=%2Fwp%2Fv2%2Fmedia&parent=5673"}],"wp:term":[{"taxonomy":"category","embeddable":true,"href":"https:\/\/www.fcedu.uner.edu.ar\/medianayterceraedad\/index.php?rest_route=%2Fwp%2Fv2%2Fcategories&post=5673"},{"taxonomy":"post_tag","embeddable":true,"href":"https:\/\/www.fcedu.uner.edu.ar\/medianayterceraedad\/index.php?rest_route=%2Fwp%2Fv2%2Ftags&post=5673"}],"curies":[{"name":"wp","href":"https:\/\/api.w.org\/{rel}","templated":true}]}}