{"id":5681,"date":"2025-05-19T13:24:55","date_gmt":"2025-05-19T16:24:55","guid":{"rendered":"https:\/\/www.fcedu.uner.edu.ar\/medianayterceraedad\/?p=5681"},"modified":"2025-05-19T19:08:48","modified_gmt":"2025-05-19T22:08:48","slug":"una-propuesta-para-aprender-investigar-y-compartir-el-curso-parana-historia-patrimonio-cultura-y-legado","status":"publish","type":"post","link":"https:\/\/www.fcedu.uner.edu.ar\/medianayterceraedad\/?p=5681","title":{"rendered":"Una propuesta para aprender, investigar y compartir: El curso Paran\u00e1: Historia, Patrimonio, Cultura y Legado"},"content":{"rendered":"<p><span style=\"font-weight: 400; color: #000000;\">El jueves 15 de mayo, el arquitecto Edgardo P\u00e1ez brind\u00f3 una charla en el Curso \u201cParan\u00e1: Historia, Patrimonio, Cultura y Legado\u201d, del Departamento de la Mediana y Tercera Edad, de la Facultad de Ciencias de la Educaci\u00f3n.<\/span><\/p>\n<p><span style=\"font-weight: 400; color: #000000;\">Adem\u00e1s de las clases en el aula y los recorridos por distintos patrimonios hist\u00f3ricos de la ciudad, las y los estudiantes del curso reciben a invitados que abordan diferentes tem\u00e1ticas relacionadas con los ejes del programa.\u00a0<\/span><\/p>\n<p><span style=\"color: #000000;\"><span style=\"font-weight: 400;\">Bajo la tem\u00e1tica <\/span><i><span style=\"font-weight: 400;\">Puerto Viejo: La primera poblaci\u00f3n y el primer germen de nuestra ciudad<\/span><\/i><span style=\"font-weight: 400;\">,\u00a0 P\u00e1ez, fue el primer invitado del trimestre. Es autor de los libros <\/span><i><span style=\"font-weight: 400;\">Huellas del Puerto Viejo<\/span><\/i><span style=\"font-weight: 400;\"> (2018) y de <\/span><i><span style=\"font-weight: 400;\">\u00abPlan de mantenimiento y preservaci\u00f3n patrimonial del Ala Norte del Centro Comunitario N\u00ba 3 &#8216;Josefina Zubizarreta\u00bb<\/span><\/i><span style=\"font-weight: 400;\">, y se ha consolidado como el principal investigador de la historia del Puerto Viejo, de la ciudad de Paran\u00e1.\u00a0<\/span><\/span><\/p>\n<p><span style=\"color: #000000;\"><span style=\"font-weight: 400;\">Adem\u00e1s de compartir con la clase el libro <\/span><i><span style=\"font-weight: 400;\">\u201cForjamos un futuro mirando nuestro R\u00edo. Aportes para la preservaci\u00f3n de nuestro patrimonio rivero\u201d, <\/span><\/i><span style=\"font-weight: 400;\">el arquitecto realiz\u00f3 una presentaci\u00f3n sobre la historia de las construcciones en los barrios del puerto de Paran\u00e1 y el paso del tiempo de las propiedades que relatan del periodo de la Confederaci\u00f3n.\u00a0<\/span><\/span><\/p>\n<p><span style=\"font-weight: 400; color: #000000;\">El encuentro result\u00f3 una oportunidad para hojear el libro, realizar preguntas e intercambiar comentarios con el invitado sobre las antiguas estructuras.<\/span><\/p>\n<p>&nbsp;<\/p>\n<p><span style=\"color: #000000;\"><strong>Sobre el curso<\/strong><\/span><\/p>\n<p><span style=\"color: #000000;\"><span style=\"font-weight: 400;\">El Curso <\/span><i><span style=\"font-weight: 400;\">Paran\u00e1: Historia, Patrimonio, Cultura y Legado<\/span><\/i><span style=\"font-weight: 400;\">, coordinado por el profesor Claudio Ca\u00f1ete, cuenta con m\u00e1s de 20 estudiantes que asisten regularmente los d\u00edas jueves al edificio de la Facultad de Ciencias de la Educaci\u00f3n.\u00a0<\/span><\/span><\/p>\n<p><span style=\"color: #000000;\"><span style=\"font-weight: 400;\">Los motivos por los que llegan los participantes son diversos, como el inter\u00e9s por la historia o la geograf\u00eda, el deseo de refrescar conocimientos, las recomendaciones de otras personas, o la genuina curiosidad por conocer aquello que se ve a diario pero cuya historia se desconoce. Como relata una de las alumnas: \u201c<\/span><i><span style=\"font-weight: 400;\">Uno pasa por los lugares y piensa: \u00bfy ac\u00e1 qui\u00e9n habr\u00e1 vivido?, yo todo el tiempo voy pensando qui\u00e9n habr\u00e1 vivido en tal lugar, cu\u00e1nta historia tiene este balc\u00f3n, cu\u00e1ntas cosas habr\u00e1n pasado en esta casa, en las iglesias, todo<\/span><\/i><span style=\"font-weight: 400;\">\u201d.\u00a0<\/span><\/span><\/p>\n<p><span style=\"color: #000000;\"><span style=\"font-weight: 400;\">Quienes participan en el curso, permanecen motivados por el contenido y la dedicaci\u00f3n del docente, quien en cada clase los convoca con algo nuevo.\u00a0<\/span><span style=\"font-weight: 400;\">\u201c<\/span><i><span style=\"font-weight: 400;\">Claudio se preocupa por el curso, por traer material y convocar invitados, porque te propone nuevos temas y te sigue interesando. \u00c9l tiene esa parte de investigador que dona todo el tiempo lo que estudia y aprende<\/span><\/i><span style=\"font-weight: 400;\">\u201d, destaca otra estudiante.\u00a0<\/span><\/span><\/p>\n<p><span style=\"font-weight: 400; color: #000000;\">El curso ya tiene fecha prevista para la pr\u00f3xima charla, ser\u00e1 el 29 de mayo y es de acceso libre y gratuito. Al consultar sobre qu\u00e9 valor tienen estas actividades, las alumnas coinciden en destacar la importancia de la curiosidad como motor del aprendizaje<\/span><\/p>\n<p><span style=\"color: #000000;\"><span style=\"font-weight: 400;\">\u00a0\u201c<\/span><i><span style=\"font-weight: 400;\">Generalmente al que le gusta la historia es curioso, entonces ten\u00e9s que tener esa curiosidad y esas ganas de interpretar lo que est\u00e1s viendo y querer saber. Decir: \u00bfy ac\u00e1 qu\u00e9 pas\u00f3?. Y si no tengo quien me lo explique o cuente, lo investigo o busco. Aunque hay cosas que nunca las encontr\u00e1s<\/span><\/i><span style=\"font-weight: 400;\">\u201d.<\/span><\/span><\/p>\n<p>&nbsp;<\/p>\n<p><img decoding=\"async\" loading=\"lazy\" class=\"alignnone wp-image-5689\" src=\"https:\/\/www.fcedu.uner.edu.ar\/medianayterceraedad\/wp-content\/uploads\/2025\/05\/Captura-de-pantalla-139-1-300x225.png\" alt=\"\" width=\"357\" height=\"268\" srcset=\"https:\/\/www.fcedu.uner.edu.ar\/medianayterceraedad\/wp-content\/uploads\/2025\/05\/Captura-de-pantalla-139-1-300x225.png 300w, https:\/\/www.fcedu.uner.edu.ar\/medianayterceraedad\/wp-content\/uploads\/2025\/05\/Captura-de-pantalla-139-1-768x577.png 768w, https:\/\/www.fcedu.uner.edu.ar\/medianayterceraedad\/wp-content\/uploads\/2025\/05\/Captura-de-pantalla-139-1-400x300.png 400w, https:\/\/www.fcedu.uner.edu.ar\/medianayterceraedad\/wp-content\/uploads\/2025\/05\/Captura-de-pantalla-139-1.png 841w\" sizes=\"(max-width: 357px) 100vw, 357px\" \/>\u00a0 \u00a0 <img decoding=\"async\" loading=\"lazy\" class=\"alignnone wp-image-5685\" src=\"https:\/\/www.fcedu.uner.edu.ar\/medianayterceraedad\/wp-content\/uploads\/2025\/05\/Captura-de-pantalla-136-272x300.png\" alt=\"\" width=\"253\" height=\"279\" srcset=\"https:\/\/www.fcedu.uner.edu.ar\/medianayterceraedad\/wp-content\/uploads\/2025\/05\/Captura-de-pantalla-136-272x300.png 272w, https:\/\/www.fcedu.uner.edu.ar\/medianayterceraedad\/wp-content\/uploads\/2025\/05\/Captura-de-pantalla-136.png 477w\" sizes=\"(max-width: 253px) 100vw, 253px\" \/><\/p>\n<p><img decoding=\"async\" loading=\"lazy\" class=\"alignnone wp-image-5686\" src=\"https:\/\/www.fcedu.uner.edu.ar\/medianayterceraedad\/wp-content\/uploads\/2025\/05\/Captura-de-pantalla-137-300x222.png\" alt=\"\" width=\"317\" height=\"235\" srcset=\"https:\/\/www.fcedu.uner.edu.ar\/medianayterceraedad\/wp-content\/uploads\/2025\/05\/Captura-de-pantalla-137-300x222.png 300w, https:\/\/www.fcedu.uner.edu.ar\/medianayterceraedad\/wp-content\/uploads\/2025\/05\/Captura-de-pantalla-137-768x569.png 768w, https:\/\/www.fcedu.uner.edu.ar\/medianayterceraedad\/wp-content\/uploads\/2025\/05\/Captura-de-pantalla-137.png 842w\" sizes=\"(max-width: 317px) 100vw, 317px\" \/>\u00a0 \u00a0 <img decoding=\"async\" loading=\"lazy\" class=\"alignnone wp-image-5687\" src=\"https:\/\/www.fcedu.uner.edu.ar\/medianayterceraedad\/wp-content\/uploads\/2025\/05\/Captura-de-pantalla-138-300x224.png\" alt=\"\" width=\"353\" height=\"264\" srcset=\"https:\/\/www.fcedu.uner.edu.ar\/medianayterceraedad\/wp-content\/uploads\/2025\/05\/Captura-de-pantalla-138-300x224.png 300w, https:\/\/www.fcedu.uner.edu.ar\/medianayterceraedad\/wp-content\/uploads\/2025\/05\/Captura-de-pantalla-138-768x574.png 768w, https:\/\/www.fcedu.uner.edu.ar\/medianayterceraedad\/wp-content\/uploads\/2025\/05\/Captura-de-pantalla-138-400x300.png 400w, https:\/\/www.fcedu.uner.edu.ar\/medianayterceraedad\/wp-content\/uploads\/2025\/05\/Captura-de-pantalla-138-670x500.png 670w, https:\/\/www.fcedu.uner.edu.ar\/medianayterceraedad\/wp-content\/uploads\/2025\/05\/Captura-de-pantalla-138.png 840w\" sizes=\"(max-width: 353px) 100vw, 353px\" \/> <img decoding=\"async\" loading=\"lazy\" class=\"alignnone size-medium wp-image-5693\" src=\"https:\/\/www.fcedu.uner.edu.ar\/medianayterceraedad\/wp-content\/uploads\/2025\/05\/Captura-de-pantalla-140-223x300.png\" alt=\"\" width=\"223\" height=\"300\" srcset=\"https:\/\/www.fcedu.uner.edu.ar\/medianayterceraedad\/wp-content\/uploads\/2025\/05\/Captura-de-pantalla-140-223x300.png 223w, https:\/\/www.fcedu.uner.edu.ar\/medianayterceraedad\/wp-content\/uploads\/2025\/05\/Captura-de-pantalla-140.png 470w\" sizes=\"(max-width: 223px) 100vw, 223px\" \/><\/p>\n","protected":false},"excerpt":{"rendered":"<p>El jueves 15 de mayo, el arquitecto Edgardo P\u00e1ez brind\u00f3 una charla en el Curso \u201cParan\u00e1: Historia, Patrimonio, Cultura y Legado\u201d, del Departamento de la Mediana y Tercera Edad, de la Facultad de Ciencias de la Educaci\u00f3n. Adem\u00e1s de las clases en el aula y los recorridos por distintos patrimonios hist\u00f3ricos de la ciudad, las&#8230; <\/p>\n<div class=\"clear\"><\/div>\n<p><a href=\"https:\/\/www.fcedu.uner.edu.ar\/medianayterceraedad\/?p=5681\" class=\"excerpt-read-more\">Read More<i class=\"fa fa-caret-right icon-caret-right\"><\/i><\/a><\/p>\n","protected":false},"author":1,"featured_media":5682,"comment_status":"open","ping_status":"open","sticky":false,"template":"","format":"standard","meta":{"footnotes":""},"categories":[1],"tags":[],"_links":{"self":[{"href":"https:\/\/www.fcedu.uner.edu.ar\/medianayterceraedad\/index.php?rest_route=\/wp\/v2\/posts\/5681"}],"collection":[{"href":"https:\/\/www.fcedu.uner.edu.ar\/medianayterceraedad\/index.php?rest_route=\/wp\/v2\/posts"}],"about":[{"href":"https:\/\/www.fcedu.uner.edu.ar\/medianayterceraedad\/index.php?rest_route=\/wp\/v2\/types\/post"}],"author":[{"embeddable":true,"href":"https:\/\/www.fcedu.uner.edu.ar\/medianayterceraedad\/index.php?rest_route=\/wp\/v2\/users\/1"}],"replies":[{"embeddable":true,"href":"https:\/\/www.fcedu.uner.edu.ar\/medianayterceraedad\/index.php?rest_route=%2Fwp%2Fv2%2Fcomments&post=5681"}],"version-history":[{"count":8,"href":"https:\/\/www.fcedu.uner.edu.ar\/medianayterceraedad\/index.php?rest_route=\/wp\/v2\/posts\/5681\/revisions"}],"predecessor-version":[{"id":5696,"href":"https:\/\/www.fcedu.uner.edu.ar\/medianayterceraedad\/index.php?rest_route=\/wp\/v2\/posts\/5681\/revisions\/5696"}],"wp:featuredmedia":[{"embeddable":true,"href":"https:\/\/www.fcedu.uner.edu.ar\/medianayterceraedad\/index.php?rest_route=\/wp\/v2\/media\/5682"}],"wp:attachment":[{"href":"https:\/\/www.fcedu.uner.edu.ar\/medianayterceraedad\/index.php?rest_route=%2Fwp%2Fv2%2Fmedia&parent=5681"}],"wp:term":[{"taxonomy":"category","embeddable":true,"href":"https:\/\/www.fcedu.uner.edu.ar\/medianayterceraedad\/index.php?rest_route=%2Fwp%2Fv2%2Fcategories&post=5681"},{"taxonomy":"post_tag","embeddable":true,"href":"https:\/\/www.fcedu.uner.edu.ar\/medianayterceraedad\/index.php?rest_route=%2Fwp%2Fv2%2Ftags&post=5681"}],"curies":[{"name":"wp","href":"https:\/\/api.w.org\/{rel}","templated":true}]}}