{"id":5709,"date":"2025-05-21T17:00:10","date_gmt":"2025-05-21T20:00:10","guid":{"rendered":"https:\/\/www.fcedu.uner.edu.ar\/medianayterceraedad\/?p=5709"},"modified":"2025-05-21T17:00:10","modified_gmt":"2025-05-21T20:00:10","slug":"taller-de-filosofia-jesus-y-sus-seguidoras-en-los-evangelios-canonicos-y-apocrifos-magdalena-y-salome","status":"publish","type":"post","link":"https:\/\/www.fcedu.uner.edu.ar\/medianayterceraedad\/?p=5709","title":{"rendered":"Taller de filosof\u00eda: Jes\u00fas y sus seguidoras en los evangelios can\u00f3nicos y ap\u00f3crifos: Magdalena y Salom\u00e9"},"content":{"rendered":"<p><span style=\"font-weight: 400;\">El <strong>jueves 29 de mayo<\/strong> se llevar\u00e1 a cabo un Taller de Filosof\u00eda coordinado por Angelina Uzin Olleros, docente del curso Filosof\u00eda: Mujeres argentinas del siglo XX, una de las propuestas del Departamento de la Mediana y Tercera Edad.<\/span><\/p>\n<p><span style=\"font-weight: 400;\">La actividad comenzar\u00e1 a las<strong> 16:00 en el aula A<\/strong> (primer piso) del edificio de la Facultad de Ciencias de la Educaci\u00f3n, ubicado en Buenos Aires 389. La propuesta es de car\u00e1cter <strong>libre y gratuito<\/strong>, por lo que cualquier interesado puede acercarse a participar.\u00a0<\/span><\/p>\n<p><span style=\"font-weight: 400;\">El Curso de Filosof\u00eda pone el \u00e9nfasis en las mujeres argentinas que en el siglo XX brindaron numerosos aportes en distintos campos del saber como los de la filosof\u00eda, ciencia, el arte, la literatura, y espacios de poder ya que tambi\u00e9n participaron en las luchas por las conquistas de derechos en diferentes momentos de la historia.<\/span><\/p>\n<p><span style=\"font-weight: 400;\">\u00a0Es por esto que el taller titulado \u201c<\/span><i><span style=\"font-weight: 400;\">Jes\u00fas y sus seguidoras en los evangelios can\u00f3nicos y ap\u00f3crifos: Magdalena y Salom\u00e9<\/span><\/i><span style=\"font-weight: 400;\">\u201d, tendr\u00e1 como disertante al doctor en Filosof\u00eda e investigador Juan Carlos Alby, quien se encargar\u00e1 de brindar aportes sobre estas dos mujeres de la historia del cristianismo<strong>.<\/strong>\u00a0<\/span><\/p>\n<p>&nbsp;<\/p>\n<p><strong>Sobre el disertante:<\/strong><\/p>\n<p><span style=\"font-weight: 400;\">Juan Carlos Alby obtuvo su doctorado en Italia, especializado en Metaf\u00edsica, Cristianismo Primitivo, Patr\u00edstica y Filosof\u00eda de la Antig\u00fcedad Tard\u00eda. Es jefe de la c\u00e1tedra Filosof\u00eda medieval y renacentista de la Universidad Nacional del Litoral, profesor de Filosof\u00eda de la Religi\u00f3n de la Universidad Cat\u00f3lica de Santa Fe y docente de la Universidad Nacional de Rosario. Present\u00f3 en un congreso en la Academia de Ciencias un trabajo sobre las seguidoras de Jes\u00fas, en el que recopil\u00f3 todo lo que el cristianismo primitivo ha recogido sobre ellas, entre las que se destacan Mar\u00eda Magdalena y Salom\u00e9.\u00a0<\/span><\/p>\n<p><img decoding=\"async\" loading=\"lazy\" class=\"alignnone size-medium wp-image-5699\" src=\"https:\/\/www.fcedu.uner.edu.ar\/medianayterceraedad\/wp-content\/uploads\/2025\/05\/294005992_1019822465564717_7176859226021565542_n-300x300.jpg\" alt=\"\" width=\"300\" height=\"300\" srcset=\"https:\/\/www.fcedu.uner.edu.ar\/medianayterceraedad\/wp-content\/uploads\/2025\/05\/294005992_1019822465564717_7176859226021565542_n-300x300.jpg 300w, https:\/\/www.fcedu.uner.edu.ar\/medianayterceraedad\/wp-content\/uploads\/2025\/05\/294005992_1019822465564717_7176859226021565542_n-1024x1024.jpg 1024w, https:\/\/www.fcedu.uner.edu.ar\/medianayterceraedad\/wp-content\/uploads\/2025\/05\/294005992_1019822465564717_7176859226021565542_n-150x150.jpg 150w, https:\/\/www.fcedu.uner.edu.ar\/medianayterceraedad\/wp-content\/uploads\/2025\/05\/294005992_1019822465564717_7176859226021565542_n-768x768.jpg 768w, https:\/\/www.fcedu.uner.edu.ar\/medianayterceraedad\/wp-content\/uploads\/2025\/05\/294005992_1019822465564717_7176859226021565542_n-400x400.jpg 400w, https:\/\/www.fcedu.uner.edu.ar\/medianayterceraedad\/wp-content\/uploads\/2025\/05\/294005992_1019822465564717_7176859226021565542_n.jpg 1080w\" sizes=\"(max-width: 300px) 100vw, 300px\" \/><\/p>\n<p><span style=\"font-weight: 400;\">\u00a0\u00a0\u00a0\u00a0\u00a0\u00a0\u00a0\u00a0\u00a0\u00a0\u00a0\u00a0\u00a0\u00a0\u00a0\u00a0\u00a0\u00a0\u00a0\u00a0\u00a0\u00a0\u00a0\u00a0\u00a0\u00a0\u00a0\u00a0\u00a0\u00a0\u00a0\u00a0\u00a0\u00a0\u00a0\u00a0\u00a0\u00a0\u00a0\u00a0\u00a0\u00a0\u00a0\u00a0\u00a0\u00a0\u00a0\u00a0\u00a0\u00a0\u00a0\u00a0\u00a0\u00a0\u00a0\u00a0\u00a0\u00a0\u00a0\u00a0\u00a0\u00a0\u00a0\u00a0\u00a0\u00a0\u00a0\u00a0\u00a0\u00a0\u00a0\u00a0\u00a0\u00a0\u00a0\u00a0\u00a0\u00a0\u00a0\u00a0\u00a0\u00a0\u00a0\u00a0\u00a0\u00a0\u00a0\u00a0\u00a0\u00a0\u00a0\u00a0\u00a0\u00a0\u00a0\u00a0\u00a0\u00a0\u00a0\u00a0\u00a0\u00a0\u00a0\u00a0\u00a0\u00a0\u00a0\u00a0\u00a0\u00a0\u00a0\u00a0\u00a0\u00a0\u00a0\u00a0\u00a0\u00a0\u00a0\u00a0\u00a0\u00a0\u00a0\u00a0\u00a0\u00a0\u00a0\u00a0\u00a0\u00a0\u00a0\u00a0\u00a0\u00a0\u00a0\u00a0\u00a0\u00a0\u00a0<\/span><\/p>\n<p><span style=\"font-weight: 400;\">Para m\u00e1s informaci\u00f3n, pueden comunicarse al correo <strong>dmyte.fcedu@uner.edu.ar<\/strong><\/span><\/p>\n","protected":false},"excerpt":{"rendered":"<p>El jueves 29 de mayo se llevar\u00e1 a cabo un Taller de Filosof\u00eda coordinado por Angelina Uzin Olleros, docente del curso Filosof\u00eda: Mujeres argentinas del siglo XX, una de las propuestas del Departamento de la Mediana y Tercera Edad. La actividad comenzar\u00e1 a las 16:00 en el aula A (primer piso) del edificio de la&#8230; <\/p>\n<div class=\"clear\"><\/div>\n<p><a href=\"https:\/\/www.fcedu.uner.edu.ar\/medianayterceraedad\/?p=5709\" class=\"excerpt-read-more\">Read More<i class=\"fa fa-caret-right icon-caret-right\"><\/i><\/a><\/p>\n","protected":false},"author":1,"featured_media":5698,"comment_status":"open","ping_status":"open","sticky":false,"template":"","format":"standard","meta":{"footnotes":""},"categories":[1],"tags":[],"_links":{"self":[{"href":"https:\/\/www.fcedu.uner.edu.ar\/medianayterceraedad\/index.php?rest_route=\/wp\/v2\/posts\/5709"}],"collection":[{"href":"https:\/\/www.fcedu.uner.edu.ar\/medianayterceraedad\/index.php?rest_route=\/wp\/v2\/posts"}],"about":[{"href":"https:\/\/www.fcedu.uner.edu.ar\/medianayterceraedad\/index.php?rest_route=\/wp\/v2\/types\/post"}],"author":[{"embeddable":true,"href":"https:\/\/www.fcedu.uner.edu.ar\/medianayterceraedad\/index.php?rest_route=\/wp\/v2\/users\/1"}],"replies":[{"embeddable":true,"href":"https:\/\/www.fcedu.uner.edu.ar\/medianayterceraedad\/index.php?rest_route=%2Fwp%2Fv2%2Fcomments&post=5709"}],"version-history":[{"count":1,"href":"https:\/\/www.fcedu.uner.edu.ar\/medianayterceraedad\/index.php?rest_route=\/wp\/v2\/posts\/5709\/revisions"}],"predecessor-version":[{"id":5710,"href":"https:\/\/www.fcedu.uner.edu.ar\/medianayterceraedad\/index.php?rest_route=\/wp\/v2\/posts\/5709\/revisions\/5710"}],"wp:featuredmedia":[{"embeddable":true,"href":"https:\/\/www.fcedu.uner.edu.ar\/medianayterceraedad\/index.php?rest_route=\/wp\/v2\/media\/5698"}],"wp:attachment":[{"href":"https:\/\/www.fcedu.uner.edu.ar\/medianayterceraedad\/index.php?rest_route=%2Fwp%2Fv2%2Fmedia&parent=5709"}],"wp:term":[{"taxonomy":"category","embeddable":true,"href":"https:\/\/www.fcedu.uner.edu.ar\/medianayterceraedad\/index.php?rest_route=%2Fwp%2Fv2%2Fcategories&post=5709"},{"taxonomy":"post_tag","embeddable":true,"href":"https:\/\/www.fcedu.uner.edu.ar\/medianayterceraedad\/index.php?rest_route=%2Fwp%2Fv2%2Ftags&post=5709"}],"curies":[{"name":"wp","href":"https:\/\/api.w.org\/{rel}","templated":true}]}}