{"id":5711,"date":"2025-05-22T17:41:54","date_gmt":"2025-05-22T20:41:54","guid":{"rendered":"https:\/\/www.fcedu.uner.edu.ar\/medianayterceraedad\/?p=5711"},"modified":"2025-05-22T17:41:54","modified_gmt":"2025-05-22T20:41:54","slug":"el-profesor-jose-antonio-romero-presenta-parana-ciudad-portuaria","status":"publish","type":"post","link":"https:\/\/www.fcedu.uner.edu.ar\/medianayterceraedad\/?p=5711","title":{"rendered":"El profesor Jos\u00e9 Antonio Romero presenta \u201cParan\u00e1, ciudad portuaria\u201d"},"content":{"rendered":"<p><span style=\"color: #000000;\"><span style=\"font-weight: 400;\">El curso <em>Paran\u00e1: Historia, Patrimonio, Cultura y Legado<\/em>, del Departamento de la Mediana y la Tercera Edad, invita a la comunidad a participar de la charla titulada \u201c<\/span><i><span style=\"font-weight: 400;\">Paran\u00e1, ciudad portuaria<\/span><\/i><span style=\"font-weight: 400;\">\u201d, que estar\u00e1 a cargo del profesor Jos\u00e9 Antonio Romero.<\/span><\/span><\/p>\n<p><span style=\"color: #000000;\"><span style=\"font-weight: 400;\">El encuentro se llevar\u00e1 a cabo<\/span>\u00a0el <strong>jueves 29 de mayo<\/strong>, de <strong>17:30 a 19:00 en el Auditorio \u201cRodolfo Walsh\u201d<\/strong> de la Facultad de Ciencias de la Educaci\u00f3n, ubicado en Buenos Aires 389.<\/span><\/p>\n<p><span style=\"font-weight: 400; color: #000000;\"><strong>La propuesta es de car\u00e1cter libre y gratuita<\/strong>, y tiene como prop\u00f3sito dar a conocer el patrimonio cultural de la ciudad de Paran\u00e1, as\u00ed como el de la provincia de Entre R\u00edos, especialmente en lo referido a su historia portuaria. <\/span><\/p>\n<p><span style=\"font-weight: 400; color: #000000;\">Se extiende una invitaci\u00f3n especial a las c\u00e1tedras de las carreras de la Facultad de Ciencias de la Educaci\u00f3n vinculadas a las \u00e1reas sociales, hist\u00f3ricas, culturales, educativas y de gesti\u00f3n cultural, en virtud de la pertinencia tem\u00e1tica de la charla.<\/span><\/p>\n<p>&nbsp;<\/p>\n<p><span style=\"color: #000000;\"><strong>Sobre el disertante<\/strong><\/span><\/p>\n<p><span style=\"color: #000000;\"><span style=\"font-weight: 400;\">El Profesor Jos\u00e9 Antonio Romero es escritor, historiador y referente de la divulgaci\u00f3n del proceso de construcci\u00f3n del Puerto Nuevo de Paran\u00e1, as\u00ed como de su patrimonio y archivo hist\u00f3rico<\/span><span style=\"font-weight: 400;\">.<\/span><\/span><\/p>\n<p><span style=\"color: #000000;\"><span style=\"font-weight: 400;\">Ha escrito y editado diversos libros, art\u00edculos y antolog\u00edas, como \u201c<\/span><i><span style=\"font-weight: 400;\">Remando Rimando<\/span><\/i><span style=\"font-weight: 400;\">\u201d (2010), \u201c<\/span><i><span style=\"font-weight: 400;\">Y de Valores se Trata<\/span><\/i><span style=\"font-weight: 400;\">\u201d (2013), \u201c<\/span><i><span style=\"font-weight: 400;\">Poetas en la Arena<\/span><\/i><span style=\"font-weight: 400;\">\u201d (2016) de la Asociaci\u00f3n Uruguaya de Escritores (Uruguay).\u00a0<\/span><\/span><\/p>\n<p><span style=\"color: #000000;\"><span style=\"font-weight: 400;\">Particip\u00f3 en diversas intervenciones culturales tanto a nivel local como nacional, y ha ganado m\u00faltiples premios vinculados a la narraci\u00f3n y la poes\u00eda. En el 2009 produjo el material <\/span><i><span style=\"font-weight: 400;\">Historia del Puerto Nuevo de la Ciudad de Paran\u00e1<\/span><\/i><span style=\"font-weight: 400;\">, para el portal Aprender del Consejo General de Educaci\u00f3n de la provincia de Entre R\u00edos.<\/span><\/span><\/p>\n<p>&nbsp;<\/p>\n<p><span style=\"color: #000000;\"><span style=\"font-weight: 400;\">Para m\u00e1s informaci\u00f3n pueden contactarse al correo <\/span><strong><a style=\"color: #000000;\" href=\"mailto:dmyte.fcedu@uner.edu.ar\">dmyte.fcedu@uner.edu.ar<\/a><\/strong><\/span><\/p>\n","protected":false},"excerpt":{"rendered":"<p>El curso Paran\u00e1: Historia, Patrimonio, Cultura y Legado, del Departamento de la Mediana y la Tercera Edad, invita a la comunidad a participar de la charla titulada \u201cParan\u00e1, ciudad portuaria\u201d, que estar\u00e1 a cargo del profesor Jos\u00e9 Antonio Romero. El encuentro se llevar\u00e1 a cabo\u00a0el jueves 29 de mayo, de 17:30 a 19:00 en el&#8230; <\/p>\n<div class=\"clear\"><\/div>\n<p><a href=\"https:\/\/www.fcedu.uner.edu.ar\/medianayterceraedad\/?p=5711\" class=\"excerpt-read-more\">Read More<i class=\"fa fa-caret-right icon-caret-right\"><\/i><\/a><\/p>\n","protected":false},"author":1,"featured_media":5712,"comment_status":"open","ping_status":"open","sticky":false,"template":"","format":"standard","meta":{"footnotes":""},"categories":[1],"tags":[],"_links":{"self":[{"href":"https:\/\/www.fcedu.uner.edu.ar\/medianayterceraedad\/index.php?rest_route=\/wp\/v2\/posts\/5711"}],"collection":[{"href":"https:\/\/www.fcedu.uner.edu.ar\/medianayterceraedad\/index.php?rest_route=\/wp\/v2\/posts"}],"about":[{"href":"https:\/\/www.fcedu.uner.edu.ar\/medianayterceraedad\/index.php?rest_route=\/wp\/v2\/types\/post"}],"author":[{"embeddable":true,"href":"https:\/\/www.fcedu.uner.edu.ar\/medianayterceraedad\/index.php?rest_route=\/wp\/v2\/users\/1"}],"replies":[{"embeddable":true,"href":"https:\/\/www.fcedu.uner.edu.ar\/medianayterceraedad\/index.php?rest_route=%2Fwp%2Fv2%2Fcomments&post=5711"}],"version-history":[{"count":4,"href":"https:\/\/www.fcedu.uner.edu.ar\/medianayterceraedad\/index.php?rest_route=\/wp\/v2\/posts\/5711\/revisions"}],"predecessor-version":[{"id":5716,"href":"https:\/\/www.fcedu.uner.edu.ar\/medianayterceraedad\/index.php?rest_route=\/wp\/v2\/posts\/5711\/revisions\/5716"}],"wp:featuredmedia":[{"embeddable":true,"href":"https:\/\/www.fcedu.uner.edu.ar\/medianayterceraedad\/index.php?rest_route=\/wp\/v2\/media\/5712"}],"wp:attachment":[{"href":"https:\/\/www.fcedu.uner.edu.ar\/medianayterceraedad\/index.php?rest_route=%2Fwp%2Fv2%2Fmedia&parent=5711"}],"wp:term":[{"taxonomy":"category","embeddable":true,"href":"https:\/\/www.fcedu.uner.edu.ar\/medianayterceraedad\/index.php?rest_route=%2Fwp%2Fv2%2Fcategories&post=5711"},{"taxonomy":"post_tag","embeddable":true,"href":"https:\/\/www.fcedu.uner.edu.ar\/medianayterceraedad\/index.php?rest_route=%2Fwp%2Fv2%2Ftags&post=5711"}],"curies":[{"name":"wp","href":"https:\/\/api.w.org\/{rel}","templated":true}]}}