{"id":5717,"date":"2025-05-23T18:26:43","date_gmt":"2025-05-23T21:26:43","guid":{"rendered":"https:\/\/www.fcedu.uner.edu.ar\/medianayterceraedad\/?p=5717"},"modified":"2025-05-23T18:26:43","modified_gmt":"2025-05-23T21:26:43","slug":"la-asociacion-universitaria-de-la-mediana-y-tercera-edad-invita-a-un-cine-debate","status":"publish","type":"post","link":"https:\/\/www.fcedu.uner.edu.ar\/medianayterceraedad\/?p=5717","title":{"rendered":"La Asociaci\u00f3n Universitaria de la Mediana y Tercera Edad invita a un Cine debate"},"content":{"rendered":"<p><span style=\"font-weight: 400;\">El <strong>mi\u00e9rcoles 28<\/strong> <strong>de mayo<\/strong> a las <strong>19:00<\/strong> se proyectar\u00e1 el film \u201cMIS TARDES CON MARGUERITTE\u00bb en el <strong>Auditorio \u201cRodolfo Walsh\u201d<\/strong> de la Facultad de Ciencias de la Educaci\u00f3n ubicado en calle Buenos Aires 389. El evento es organizado por la Asociaci\u00f3n Universitaria de la Mediana y Tercera Edad de la Facultad de Ciencias de la Educaci\u00f3n de la Universidad Nacional de Entre R\u00edos.<\/span><\/p>\n<p><span style=\"font-weight: 400;\">La pel\u00edcula cuya tem\u00e1tica est\u00e1 vinculada con la vejez, est\u00e1 dirigida por Jean Becker e interpretada por G\u00e8rard Depardieu y Gis\u00e8le Casadesus.<\/span><\/p>\n<p><span style=\"font-weight: 400;\">La presentaci\u00f3n de la pel\u00edcula estar\u00e1 a cargo de Franco Giorda, profesor del curso \u00abEl cine y sus alrededores\u00bb del Departamento de la Mediana y Tercera Edad, mientras que la licenciada en Psicolog\u00eda e integrante del equipo del DMyTE, Mar\u00eda Baigorria, ofrecer\u00e1 un espacio de di\u00e1logo con el p\u00fablico al finalizar la misma.<\/span><\/p>\n<p><span style=\"font-weight: 400;\">La actividad est\u00e1 destinada a los\/las estudiantes del Departamento como al p\u00fablico en general, y la misma es de car\u00e1cter libre y gratuita.<\/span><\/p>\n<p>&nbsp;<\/p>\n<p><b>Sobre la Asociaci\u00f3n Universitaria<\/b><span style=\"font-weight: 400;\">\u00a0<\/span><\/p>\n<p><span style=\"font-weight: 400;\">La Asociaci\u00f3n Universitaria de la Mediana y Tercera Edad es una entidad de servicio que contribuye con las actividades del Departamento de la Mediana y Tercera Edad de la Facultad de Ciencias de la Educaci\u00f3n (UNER) al propiciar actividades intelectuales, culturales y sociales.<\/span><\/p>\n<p><span style=\"font-weight: 400;\">Se encuentra conformada por estudiantes del Departamento que unidos por el gusto de ayudar promueven acciones para apoyar la labor del Departamento al brindar espacios de encuentro para las personas mayores.<\/span><\/p>\n<p><b>Adhesi\u00f3n voluntaria a la Asociaci\u00f3n<\/b><\/p>\n<p><span style=\"font-weight: 400;\">Se puede adherir a la Asociaci\u00f3n Universitaria con un aporte anual m\u00ednimo de $3000 en efectivo, que sirve para colaborar y sostener las iniciativas del DMyTE.\u00a0<\/span><\/p>\n<p><span style=\"font-weight: 400;\">Para realizar el pago pueden acercarse a la administraci\u00f3n del Departamento de lunes a viernes de 16:00 a 18:30 en Alameda de la Federaci\u00f3n 109\/115.<\/span><\/p>\n<p><span style=\"font-weight: 400;\">Por consultas pueden escribir al 3434664818 (Charo Montiel, presidenta de la Asociaci\u00f3n) o al correo asociaciondmyte@gmail.com<\/span><\/p>\n","protected":false},"excerpt":{"rendered":"<p>El mi\u00e9rcoles 28 de mayo a las 19:00 se proyectar\u00e1 el film \u201cMIS TARDES CON MARGUERITTE\u00bb en el Auditorio \u201cRodolfo Walsh\u201d de la Facultad de Ciencias de la Educaci\u00f3n ubicado en calle Buenos Aires 389. El evento es organizado por la Asociaci\u00f3n Universitaria de la Mediana y Tercera Edad de la Facultad de Ciencias de&#8230; <\/p>\n<div class=\"clear\"><\/div>\n<p><a href=\"https:\/\/www.fcedu.uner.edu.ar\/medianayterceraedad\/?p=5717\" class=\"excerpt-read-more\">Read More<i class=\"fa fa-caret-right icon-caret-right\"><\/i><\/a><\/p>\n","protected":false},"author":1,"featured_media":5718,"comment_status":"open","ping_status":"open","sticky":false,"template":"","format":"standard","meta":{"footnotes":""},"categories":[1],"tags":[],"_links":{"self":[{"href":"https:\/\/www.fcedu.uner.edu.ar\/medianayterceraedad\/index.php?rest_route=\/wp\/v2\/posts\/5717"}],"collection":[{"href":"https:\/\/www.fcedu.uner.edu.ar\/medianayterceraedad\/index.php?rest_route=\/wp\/v2\/posts"}],"about":[{"href":"https:\/\/www.fcedu.uner.edu.ar\/medianayterceraedad\/index.php?rest_route=\/wp\/v2\/types\/post"}],"author":[{"embeddable":true,"href":"https:\/\/www.fcedu.uner.edu.ar\/medianayterceraedad\/index.php?rest_route=\/wp\/v2\/users\/1"}],"replies":[{"embeddable":true,"href":"https:\/\/www.fcedu.uner.edu.ar\/medianayterceraedad\/index.php?rest_route=%2Fwp%2Fv2%2Fcomments&post=5717"}],"version-history":[{"count":1,"href":"https:\/\/www.fcedu.uner.edu.ar\/medianayterceraedad\/index.php?rest_route=\/wp\/v2\/posts\/5717\/revisions"}],"predecessor-version":[{"id":5719,"href":"https:\/\/www.fcedu.uner.edu.ar\/medianayterceraedad\/index.php?rest_route=\/wp\/v2\/posts\/5717\/revisions\/5719"}],"wp:featuredmedia":[{"embeddable":true,"href":"https:\/\/www.fcedu.uner.edu.ar\/medianayterceraedad\/index.php?rest_route=\/wp\/v2\/media\/5718"}],"wp:attachment":[{"href":"https:\/\/www.fcedu.uner.edu.ar\/medianayterceraedad\/index.php?rest_route=%2Fwp%2Fv2%2Fmedia&parent=5717"}],"wp:term":[{"taxonomy":"category","embeddable":true,"href":"https:\/\/www.fcedu.uner.edu.ar\/medianayterceraedad\/index.php?rest_route=%2Fwp%2Fv2%2Fcategories&post=5717"},{"taxonomy":"post_tag","embeddable":true,"href":"https:\/\/www.fcedu.uner.edu.ar\/medianayterceraedad\/index.php?rest_route=%2Fwp%2Fv2%2Ftags&post=5717"}],"curies":[{"name":"wp","href":"https:\/\/api.w.org\/{rel}","templated":true}]}}