{"id":5720,"date":"2025-06-06T20:33:53","date_gmt":"2025-06-06T23:33:53","guid":{"rendered":"https:\/\/www.fcedu.uner.edu.ar\/medianayterceraedad\/?p=5720"},"modified":"2025-06-06T20:33:53","modified_gmt":"2025-06-06T23:33:53","slug":"cine-encuentro-y-reflexion-propuesta-de-la-asociacion-universitaria-de-la-mediana-y-tercera-edad","status":"publish","type":"post","link":"https:\/\/www.fcedu.uner.edu.ar\/medianayterceraedad\/?p=5720","title":{"rendered":"Cine, encuentro y reflexi\u00f3n: propuesta de la Asociaci\u00f3n Universitaria de la Mediana y Tercera Edad"},"content":{"rendered":"<p><span style=\"font-weight: 400;\">El pasado mi\u00e9rcoles 29 de mayo, se llev\u00f3 a cabo la proyecci\u00f3n de la pel\u00edcula<\/span><i><span style=\"font-weight: 400;\"> Mis tardes con Margueritte,<\/span><\/i><span style=\"font-weight: 400;\"> dirigida por Jean Becker y protagonizada por G\u00e9rard Depardieu y Gis\u00e9le Casadesus.\u00a0<\/span><\/p>\n<p><span style=\"font-weight: 400;\">La actividad fue organizada por la Asociaci\u00f3n Universitaria de la Mediana y la Tercera Edad, una entidad de servicio que colabora activamente con las iniciativas y necesidades del Departamento de la Mediana y Tercera Edad. Desde hace a\u00f1os la entidad trabaja impulsando actividades sociales, intelectuales y culturales que acompa\u00f1an la labor del DMyTE.\u00a0<\/span><\/p>\n<p><span style=\"font-weight: 400;\">En palabras de Charo Montiel, presidenta de la Asociaci\u00f3n y docente del Departamento:\u00a0<\/span><\/p>\n<p><span style=\"font-weight: 400;\">\u00a0 \u00a0 \u201cDe esta manera podemos ofrecer espacios para las personas mayores, estudiantes del Departamento, y tambi\u00e9n para el p\u00fablico en general. Personas que se acercan por gusto o por el deseo de compartir estas actividades que pensamos en conjunto con el equipo de gesti\u00f3n. Para eso naci\u00f3 esta asociaci\u00f3n hace 30 a\u00f1os\u201d.\u00a0<\/span><\/p>\n<p><span style=\"font-weight: 400;\">La propuesta reuni\u00f3 a unos 50 espectadores, que a pesar de la baja temperatura del d\u00eda, se acercaron a disfrutar del film en la calidez del Auditorio \u201cRodolfo Walsh\u00bb de la Facultad de Ciencias de la Educaci\u00f3n.\u00a0<\/span><\/p>\n<p><span style=\"font-weight: 400;\">La presentaci\u00f3n y contextualizaci\u00f3n de la pel\u00edcula estuvo a cargo del licenciado en Comunicaci\u00f3n Social Franco Giorda, docente del curso <\/span><i><span style=\"font-weight: 400;\">El cine y sus alrededores<\/span><\/i><span style=\"font-weight: 400;\">, una de las propuestas formativas del Departamento. Durante su intervenci\u00f3n destac\u00f3 el valor de la experiencia cinematogr\u00e1fica compartida, mencionando que,<\/span> \u00abEs insustituible la experiencia de mirar una pel\u00edcula en las condiciones en las que fue pensada, teniendo en cuenta que el cine es colectivo. Celebro esta reuni\u00f3n, que nos hayamos antepuesto al fr\u00edo\u201d.<\/p>\n<p><span style=\"font-weight: 400;\">Adem\u00e1s subray\u00f3 que el cine, m\u00e1s all\u00e1 del entretenimiento, constituye una verdadera experiencia est\u00e9tica, capaz de transformar, conmover y movilizar la sensibilidad. En\u00a0 sus palabras, las pel\u00edculas \u201cson como ventanas al mundo\u201d, que nos acercan a otras miradas, otras culturas y otros momentos. Es una experiencia que \u201cenriquece la mirada y el esp\u00edritu\u00bb.\u00a0<\/span><\/p>\n<p><span style=\"font-weight: 400;\">Antes de la proyecci\u00f3n, Giorda adelant\u00f3 algunos de los temas centrales de la pel\u00edcula:<\/span><\/p>\n<p><span style=\"font-weight: 400;\">\u00a0 <\/span><span style=\"font-weight: 400;\">\u201c<\/span><span style=\"font-weight: 400;\">Vamos a ver que en el transcurso de la pel\u00edcula los destinos no est\u00e1n predeterminados. Los v\u00ednculos humanos pueden hacer que salgamos del lugar donde aparentemente estamos confinados o en donde los prejuicios indican que tenemos que estar. Y eso es lo bueno<\/span><span style=\"font-weight: 400;\">\u201d.<\/span><span style=\"font-weight: 400;\">\u00a0<\/span><\/p>\n<p><span style=\"font-weight: 400;\">Al finalizar la pel\u00edcula, la psic\u00f3loga Maria Baigorria, tambi\u00e9n integrante del equipo de gesti\u00f3n del Departamento, mantuvo una charla con el p\u00fablico presente. Durante el intercambio se abordaron diversos temas, entre ellos se habl\u00f3 de los v\u00ednculos familiares y sociales, de los modos de transitar el proceso del envejecimiento, los duelos, la familia, la importancia del apoyo, entre otras cosas. El debate fue muy amplio y result\u00f3 de gran inter\u00e9s para el p\u00fablico presente.<\/span><\/p>\n<p>&nbsp;<\/p>\n<p><span style=\"font-weight: 400;\">La Asociaci\u00f3n Universitaria continuar\u00e1 trabajando junto con el equipo de gesti\u00f3n del Departamento para seguir generando m\u00e1s espacios de encuentros, aprendizaje y disfrute.\u00a0<\/span><\/p>\n<p><span style=\"font-weight: 400;\">Como adelanto, les comentamos que el jueves 19 de junio se realizar\u00e1 una charla sobre salud y cuidados del cuerpo, a cargo de la fisioterapeuta Silvia Mckinnon. Pronto vamos a estar compartiendo toda la informaci\u00f3n.<\/span><\/p>\n<p>&nbsp;<\/p>\n<div class=\"gdlr-shortcode-wrapper\"><div class=\"gdlr-gallery-item gdlr-item\" ><div class=\"gallery-column four columns\"><div class=\"gallery-item\"><a href=\"https:\/\/www.fcedu.uner.edu.ar\/medianayterceraedad\/?attachment_id=5723\" data-rel=\"fancybox\" ><img src=\"https:\/\/www.fcedu.uner.edu.ar\/medianayterceraedad\/wp-content\/uploads\/2025\/06\/WhatsApp-Image-2025-05-30-at-20.46.27-2-150x150.jpeg\" alt=\"\" width=\"150\" height=\"150\" \/><\/a><span class=\"gallery-caption\"><\/span><\/div><\/div><div class=\"gallery-column four columns\"><div class=\"gallery-item\"><a href=\"https:\/\/www.fcedu.uner.edu.ar\/medianayterceraedad\/?attachment_id=5724\" data-rel=\"fancybox\" ><img src=\"https:\/\/www.fcedu.uner.edu.ar\/medianayterceraedad\/wp-content\/uploads\/2025\/06\/WhatsApp-Image-2025-05-30-at-20.46.29-150x150.jpeg\" alt=\"\" width=\"150\" height=\"150\" \/><\/a><span class=\"gallery-caption\"><\/span><\/div><\/div><div class=\"clear\"><\/div><\/div><\/div>\n","protected":false},"excerpt":{"rendered":"<p>El pasado mi\u00e9rcoles 29 de mayo, se llev\u00f3 a cabo la proyecci\u00f3n de la pel\u00edcula Mis tardes con Margueritte, dirigida por Jean Becker y protagonizada por G\u00e9rard Depardieu y Gis\u00e9le Casadesus.\u00a0 La actividad fue organizada por la Asociaci\u00f3n Universitaria de la Mediana y la Tercera Edad, una entidad de servicio que colabora activamente con las&#8230; <\/p>\n<div class=\"clear\"><\/div>\n<p><a href=\"https:\/\/www.fcedu.uner.edu.ar\/medianayterceraedad\/?p=5720\" class=\"excerpt-read-more\">Read More<i class=\"fa fa-caret-right icon-caret-right\"><\/i><\/a><\/p>\n","protected":false},"author":1,"featured_media":5721,"comment_status":"open","ping_status":"open","sticky":false,"template":"","format":"standard","meta":{"footnotes":""},"categories":[1],"tags":[],"_links":{"self":[{"href":"https:\/\/www.fcedu.uner.edu.ar\/medianayterceraedad\/index.php?rest_route=\/wp\/v2\/posts\/5720"}],"collection":[{"href":"https:\/\/www.fcedu.uner.edu.ar\/medianayterceraedad\/index.php?rest_route=\/wp\/v2\/posts"}],"about":[{"href":"https:\/\/www.fcedu.uner.edu.ar\/medianayterceraedad\/index.php?rest_route=\/wp\/v2\/types\/post"}],"author":[{"embeddable":true,"href":"https:\/\/www.fcedu.uner.edu.ar\/medianayterceraedad\/index.php?rest_route=\/wp\/v2\/users\/1"}],"replies":[{"embeddable":true,"href":"https:\/\/www.fcedu.uner.edu.ar\/medianayterceraedad\/index.php?rest_route=%2Fwp%2Fv2%2Fcomments&post=5720"}],"version-history":[{"count":7,"href":"https:\/\/www.fcedu.uner.edu.ar\/medianayterceraedad\/index.php?rest_route=\/wp\/v2\/posts\/5720\/revisions"}],"predecessor-version":[{"id":5730,"href":"https:\/\/www.fcedu.uner.edu.ar\/medianayterceraedad\/index.php?rest_route=\/wp\/v2\/posts\/5720\/revisions\/5730"}],"wp:featuredmedia":[{"embeddable":true,"href":"https:\/\/www.fcedu.uner.edu.ar\/medianayterceraedad\/index.php?rest_route=\/wp\/v2\/media\/5721"}],"wp:attachment":[{"href":"https:\/\/www.fcedu.uner.edu.ar\/medianayterceraedad\/index.php?rest_route=%2Fwp%2Fv2%2Fmedia&parent=5720"}],"wp:term":[{"taxonomy":"category","embeddable":true,"href":"https:\/\/www.fcedu.uner.edu.ar\/medianayterceraedad\/index.php?rest_route=%2Fwp%2Fv2%2Fcategories&post=5720"},{"taxonomy":"post_tag","embeddable":true,"href":"https:\/\/www.fcedu.uner.edu.ar\/medianayterceraedad\/index.php?rest_route=%2Fwp%2Fv2%2Ftags&post=5720"}],"curies":[{"name":"wp","href":"https:\/\/api.w.org\/{rel}","templated":true}]}}