{"id":5731,"date":"2025-06-06T20:59:22","date_gmt":"2025-06-06T23:59:22","guid":{"rendered":"https:\/\/www.fcedu.uner.edu.ar\/medianayterceraedad\/?p=5731"},"modified":"2025-06-06T20:59:22","modified_gmt":"2025-06-06T23:59:22","slug":"filosofia-y-patrimonio-pensar-y-reflexionar-sobre-la-historia-y-el-territorio","status":"publish","type":"post","link":"https:\/\/www.fcedu.uner.edu.ar\/medianayterceraedad\/?p=5731","title":{"rendered":"Filosof\u00eda y patrimonio: pensar y reflexionar sobre la historia y el territorio"},"content":{"rendered":"<p><span style=\"font-weight: 400;\">El jueves 29 de mayo se realizaron 2 actividades organizadas por cursos del Departamento de la Mediana y la Tercera Edad, ambas abiertas a estudiantes y al p\u00fablico en general.\u00a0<\/span><\/p>\n<p><span style=\"font-weight: 400;\">La primera fue el\u00a0 <\/span><b><i>\u201cTaller de Filosof\u00eda: Jes\u00fas y sus seguidoras en los evangelios can\u00f3nicos y ap\u00f3crifos: Magdalena y Salom\u00e9<\/i><\/b><b>\u201d<\/b><span style=\"font-weight: 400;\">, coordinado por Angelina Uzin Olleros, docente del curso <\/span><i><span style=\"font-weight: 400;\">Deseo y Filosof\u00eda: Mujeres del siglo XX<\/span><\/i><span style=\"font-weight: 400;\">.\u00a0<\/span><\/p>\n<p><span style=\"font-weight: 400;\">La propuesta realizada en el aula A de la Facultad, tuvo como disertante al Dr. en Filosof\u00eda Juan Carlos Alby, investigador y especialista en Metaf\u00edsica, Cristianismo Primitivo, Patr\u00edstica y Filosof\u00eda de la Antig\u00fcedad Tard\u00eda.\u00a0<\/span><\/p>\n<p><span style=\"font-weight: 400;\">Durante el encuentro, el Dr. Alby comparti\u00f3 su investigaci\u00f3n sobre las figuras femeninas disc\u00edpulas de Jes\u00fas, centr\u00e1ndose en Magdalena y Salom\u00e9. Su trabajo, presentado previamente ante un congreso de la Academia de Ciencias, re\u00fane valiosos datos sobre el cristianismo y aporta informaci\u00f3n sobre estas dos mujeres de la tradici\u00f3n cristiana.<\/span><\/p>\n<p><span style=\"font-weight: 400;\">Quienes deseen profundizar los contenidos vistos en el taller, pueden descargar el documento elaborado por el Dr. que contiene incluye precisiones terminol\u00f3gicas e informaci\u00f3n sobre los evangelios can\u00f3nicos y las fuentes gn\u00f3sticas.\u00a0<\/span><\/p>\n<p><span style=\"color: #000080;\"><strong><a style=\"color: #000080;\" href=\"https:\/\/drive.google.com\/file\/d\/1VFp83cQ9pAN2CrS5lKhm-BzwJqMjLktx\/view?usp=sharing\">Documento<\/a><\/strong><\/span><\/p>\n<p>&nbsp;<\/p>\n<p><span style=\"font-weight: 400;\">La segunda actividad realizada fue la charla <strong><i>\u201c<\/i><i>Paran\u00e1: ciudad portuaria\u201d<\/i><\/strong><\/span><span style=\"font-weight: 400;\">, coordinada por Claudio Ca\u00f1ete, docente del curso <\/span><i><span style=\"font-weight: 400;\">Paran\u00e1: Historia, Patrimonio, Cultura y Legado<\/span><\/i><span style=\"font-weight: 400;\">, otra de las propuestas del Departamento.<\/span><\/p>\n<p><span style=\"font-weight: 400;\">El encuentro tuvo como invitado al profesor y escritor Jos\u00e9 Antonio Romero, quien es referente de la divulgaci\u00f3n del proceso de construcci\u00f3n del Puerto Nuevo de Paran\u00e1, as\u00ed como de su patrimonio y archivo hist\u00f3rico.\u00a0<\/span><\/p>\n<p><span style=\"font-weight: 400;\">La actividad se desarroll\u00f3 en el Auditorio \u201cRodolfo Walsh\u201d y convoc\u00f3 a un amplio grupo de asistentes, entre ellos estudiantes del Departamento, de las carreras de la Facultad de Ciencias de la Educaci\u00f3n y p\u00fablico en general.\u00a0\u00a0<\/span><\/p>\n<p><span style=\"font-weight: 400;\">Ambas propuestas ofrecieron espacios de aprendizaje, reflexi\u00f3n y encuentro intergeneracional, abordando as\u00ed uno de los objetivos del Departamento de la Mediana y Tercera Edad, que es el de generar \u00e1mbitos de participaci\u00f3n en la comunidad.<\/span><\/p>\n<p>&nbsp;<\/p>\n<p><img decoding=\"async\" loading=\"lazy\" class=\"alignnone size-medium wp-image-5733\" src=\"https:\/\/www.fcedu.uner.edu.ar\/medianayterceraedad\/wp-content\/uploads\/2025\/06\/Captura-de-pantalla-151-300x194.png\" alt=\"\" width=\"300\" height=\"194\" srcset=\"https:\/\/www.fcedu.uner.edu.ar\/medianayterceraedad\/wp-content\/uploads\/2025\/06\/Captura-de-pantalla-151-300x194.png 300w, https:\/\/www.fcedu.uner.edu.ar\/medianayterceraedad\/wp-content\/uploads\/2025\/06\/Captura-de-pantalla-151-768x497.png 768w, https:\/\/www.fcedu.uner.edu.ar\/medianayterceraedad\/wp-content\/uploads\/2025\/06\/Captura-de-pantalla-151.png 939w\" sizes=\"(max-width: 300px) 100vw, 300px\" \/> <img decoding=\"async\" loading=\"lazy\" class=\"alignnone size-medium wp-image-5734\" src=\"https:\/\/www.fcedu.uner.edu.ar\/medianayterceraedad\/wp-content\/uploads\/2025\/06\/Captura-de-pantalla-153-300x197.png\" alt=\"\" width=\"300\" height=\"197\" srcset=\"https:\/\/www.fcedu.uner.edu.ar\/medianayterceraedad\/wp-content\/uploads\/2025\/06\/Captura-de-pantalla-153-300x197.png 300w, https:\/\/www.fcedu.uner.edu.ar\/medianayterceraedad\/wp-content\/uploads\/2025\/06\/Captura-de-pantalla-153-768x505.png 768w, https:\/\/www.fcedu.uner.edu.ar\/medianayterceraedad\/wp-content\/uploads\/2025\/06\/Captura-de-pantalla-153.png 952w\" sizes=\"(max-width: 300px) 100vw, 300px\" \/><img decoding=\"async\" loading=\"lazy\" class=\"alignnone size-medium wp-image-5739\" src=\"https:\/\/www.fcedu.uner.edu.ar\/medianayterceraedad\/wp-content\/uploads\/2025\/06\/Captura-de-pantalla-154-300x201.png\" alt=\"\" width=\"300\" height=\"201\" srcset=\"https:\/\/www.fcedu.uner.edu.ar\/medianayterceraedad\/wp-content\/uploads\/2025\/06\/Captura-de-pantalla-154-300x201.png 300w, https:\/\/www.fcedu.uner.edu.ar\/medianayterceraedad\/wp-content\/uploads\/2025\/06\/Captura-de-pantalla-154-768x514.png 768w, https:\/\/www.fcedu.uner.edu.ar\/medianayterceraedad\/wp-content\/uploads\/2025\/06\/Captura-de-pantalla-154-272x182.png 272w, https:\/\/www.fcedu.uner.edu.ar\/medianayterceraedad\/wp-content\/uploads\/2025\/06\/Captura-de-pantalla-154.png 945w\" sizes=\"(max-width: 300px) 100vw, 300px\" \/> <img decoding=\"async\" loading=\"lazy\" class=\"alignnone size-medium wp-image-5735\" src=\"https:\/\/www.fcedu.uner.edu.ar\/medianayterceraedad\/wp-content\/uploads\/2025\/06\/WhatsApp-Image-2025-05-29-at-17.45.26-300x135.jpeg\" alt=\"\" width=\"300\" height=\"135\" srcset=\"https:\/\/www.fcedu.uner.edu.ar\/medianayterceraedad\/wp-content\/uploads\/2025\/06\/WhatsApp-Image-2025-05-29-at-17.45.26-300x135.jpeg 300w, https:\/\/www.fcedu.uner.edu.ar\/medianayterceraedad\/wp-content\/uploads\/2025\/06\/WhatsApp-Image-2025-05-29-at-17.45.26-1024x459.jpeg 1024w, https:\/\/www.fcedu.uner.edu.ar\/medianayterceraedad\/wp-content\/uploads\/2025\/06\/WhatsApp-Image-2025-05-29-at-17.45.26-768x345.jpeg 768w, https:\/\/www.fcedu.uner.edu.ar\/medianayterceraedad\/wp-content\/uploads\/2025\/06\/WhatsApp-Image-2025-05-29-at-17.45.26.jpeg 1422w\" sizes=\"(max-width: 300px) 100vw, 300px\" \/> <img decoding=\"async\" loading=\"lazy\" class=\"alignnone size-medium wp-image-5736\" src=\"https:\/\/www.fcedu.uner.edu.ar\/medianayterceraedad\/wp-content\/uploads\/2025\/06\/WhatsApp-Image-2025-05-29-at-17.40.56-300x148.jpeg\" alt=\"\" width=\"300\" height=\"148\" srcset=\"https:\/\/www.fcedu.uner.edu.ar\/medianayterceraedad\/wp-content\/uploads\/2025\/06\/WhatsApp-Image-2025-05-29-at-17.40.56-300x148.jpeg 300w, https:\/\/www.fcedu.uner.edu.ar\/medianayterceraedad\/wp-content\/uploads\/2025\/06\/WhatsApp-Image-2025-05-29-at-17.40.56-1024x506.jpeg 1024w, https:\/\/www.fcedu.uner.edu.ar\/medianayterceraedad\/wp-content\/uploads\/2025\/06\/WhatsApp-Image-2025-05-29-at-17.40.56-768x380.jpeg 768w, https:\/\/www.fcedu.uner.edu.ar\/medianayterceraedad\/wp-content\/uploads\/2025\/06\/WhatsApp-Image-2025-05-29-at-17.40.56-1536x759.jpeg 1536w, https:\/\/www.fcedu.uner.edu.ar\/medianayterceraedad\/wp-content\/uploads\/2025\/06\/WhatsApp-Image-2025-05-29-at-17.40.56.jpeg 1538w\" sizes=\"(max-width: 300px) 100vw, 300px\" \/> <img decoding=\"async\" loading=\"lazy\" class=\"alignnone size-medium wp-image-5737\" src=\"https:\/\/www.fcedu.uner.edu.ar\/medianayterceraedad\/wp-content\/uploads\/2025\/06\/WhatsApp-Image-2025-05-30-at-20.55.18-300x222.jpeg\" alt=\"\" width=\"300\" height=\"222\" srcset=\"https:\/\/www.fcedu.uner.edu.ar\/medianayterceraedad\/wp-content\/uploads\/2025\/06\/WhatsApp-Image-2025-05-30-at-20.55.18-300x222.jpeg 300w, https:\/\/www.fcedu.uner.edu.ar\/medianayterceraedad\/wp-content\/uploads\/2025\/06\/WhatsApp-Image-2025-05-30-at-20.55.18-1024x756.jpeg 1024w, https:\/\/www.fcedu.uner.edu.ar\/medianayterceraedad\/wp-content\/uploads\/2025\/06\/WhatsApp-Image-2025-05-30-at-20.55.18-768x567.jpeg 768w, https:\/\/www.fcedu.uner.edu.ar\/medianayterceraedad\/wp-content\/uploads\/2025\/06\/WhatsApp-Image-2025-05-30-at-20.55.18.jpeg 1422w\" sizes=\"(max-width: 300px) 100vw, 300px\" \/><\/p>\n","protected":false},"excerpt":{"rendered":"<p>El jueves 29 de mayo se realizaron 2 actividades organizadas por cursos del Departamento de la Mediana y la Tercera Edad, ambas abiertas a estudiantes y al p\u00fablico en general.\u00a0 La primera fue el\u00a0 \u201cTaller de Filosof\u00eda: Jes\u00fas y sus seguidoras en los evangelios can\u00f3nicos y ap\u00f3crifos: Magdalena y Salom\u00e9\u201d, coordinado por Angelina Uzin Olleros,&#8230; <\/p>\n<div class=\"clear\"><\/div>\n<p><a href=\"https:\/\/www.fcedu.uner.edu.ar\/medianayterceraedad\/?p=5731\" class=\"excerpt-read-more\">Read More<i class=\"fa fa-caret-right icon-caret-right\"><\/i><\/a><\/p>\n","protected":false},"author":1,"featured_media":5732,"comment_status":"open","ping_status":"open","sticky":false,"template":"","format":"standard","meta":{"footnotes":""},"categories":[1],"tags":[],"_links":{"self":[{"href":"https:\/\/www.fcedu.uner.edu.ar\/medianayterceraedad\/index.php?rest_route=\/wp\/v2\/posts\/5731"}],"collection":[{"href":"https:\/\/www.fcedu.uner.edu.ar\/medianayterceraedad\/index.php?rest_route=\/wp\/v2\/posts"}],"about":[{"href":"https:\/\/www.fcedu.uner.edu.ar\/medianayterceraedad\/index.php?rest_route=\/wp\/v2\/types\/post"}],"author":[{"embeddable":true,"href":"https:\/\/www.fcedu.uner.edu.ar\/medianayterceraedad\/index.php?rest_route=\/wp\/v2\/users\/1"}],"replies":[{"embeddable":true,"href":"https:\/\/www.fcedu.uner.edu.ar\/medianayterceraedad\/index.php?rest_route=%2Fwp%2Fv2%2Fcomments&post=5731"}],"version-history":[{"count":7,"href":"https:\/\/www.fcedu.uner.edu.ar\/medianayterceraedad\/index.php?rest_route=\/wp\/v2\/posts\/5731\/revisions"}],"predecessor-version":[{"id":5745,"href":"https:\/\/www.fcedu.uner.edu.ar\/medianayterceraedad\/index.php?rest_route=\/wp\/v2\/posts\/5731\/revisions\/5745"}],"wp:featuredmedia":[{"embeddable":true,"href":"https:\/\/www.fcedu.uner.edu.ar\/medianayterceraedad\/index.php?rest_route=\/wp\/v2\/media\/5732"}],"wp:attachment":[{"href":"https:\/\/www.fcedu.uner.edu.ar\/medianayterceraedad\/index.php?rest_route=%2Fwp%2Fv2%2Fmedia&parent=5731"}],"wp:term":[{"taxonomy":"category","embeddable":true,"href":"https:\/\/www.fcedu.uner.edu.ar\/medianayterceraedad\/index.php?rest_route=%2Fwp%2Fv2%2Fcategories&post=5731"},{"taxonomy":"post_tag","embeddable":true,"href":"https:\/\/www.fcedu.uner.edu.ar\/medianayterceraedad\/index.php?rest_route=%2Fwp%2Fv2%2Ftags&post=5731"}],"curies":[{"name":"wp","href":"https:\/\/api.w.org\/{rel}","templated":true}]}}