{"id":5746,"date":"2025-06-17T18:24:39","date_gmt":"2025-06-17T21:24:39","guid":{"rendered":"https:\/\/www.fcedu.uner.edu.ar\/medianayterceraedad\/?p=5746"},"modified":"2025-06-17T18:24:39","modified_gmt":"2025-06-17T21:24:39","slug":"la-asociacion-universitaria-invita-a-la-charla-cuida-tu-cuerpo-cuida-tu-vida","status":"publish","type":"post","link":"https:\/\/www.fcedu.uner.edu.ar\/medianayterceraedad\/?p=5746","title":{"rendered":"La Asociaci\u00f3n Universitaria invita a la charla \u201cCuid\u00e1 tu cuerpo, cuid\u00e1 tu vida\u201d"},"content":{"rendered":"<p><span style=\"font-weight: 400;\">La Asociaci\u00f3n Universitaria de la Mediana y Tercera Edad invita a estudiantes y p\u00fablico en general a participar de la charla \u201cCuid\u00e1 tu cuerpo, cuid\u00e1 tu vida\u201d, una propuesta orientada al cuidado del cuerpo en la adultez.<\/span><\/p>\n<p><span style=\"font-weight: 400;\">La actividad se llevar\u00e1 a cabo el jueves 19 de junio a las 19:00, en el Auditorio \u00abRodolfo Walsh\u00bb de la Facultad de Ciencias de la Educaci\u00f3n, ubicado en Buenos Aires 389.<\/span><\/p>\n<p><span style=\"font-weight: 400;\">El encuentro tendr\u00e1 como disertante a la fisioterapeuta Silvia Mackinnon, quien compartir\u00e1 consejos pr\u00e1cticos para mantener la salud en el desarrollo de los movimientos cotidianos y la seguridad en el hogar.\u00a0\u00a0<\/span><\/p>\n<p><span style=\"font-weight: 400;\">Se abordar\u00e1n temas como el entendimiento del cuerpo, la prevenci\u00f3n de lesiones en la vida cotidiana y el fortalecimiento de la autonom\u00eda. Adem\u00e1s se brindar\u00e1n estrategias sobre el cuidado diario para llevar una vida saludable como adultos mayores.<\/span><\/p>\n<p><span style=\"font-weight: 400;\">Esta actividad es libre y gratuita y est\u00e1 organizada por la Asociaci\u00f3n Universitaria de la Mediana y Tercera Edad, en articulaci\u00f3n con el Departamento de la Mediana y Tercera Edad de la Facultad de Ciencias de la Educaci\u00f3n.<\/span><\/p>\n<p>&nbsp;<\/p>\n","protected":false},"excerpt":{"rendered":"<p>La Asociaci\u00f3n Universitaria de la Mediana y Tercera Edad invita a estudiantes y p\u00fablico en general a participar de la charla \u201cCuid\u00e1 tu cuerpo, cuid\u00e1 tu vida\u201d, una propuesta orientada al cuidado del cuerpo en la adultez. La actividad se llevar\u00e1 a cabo el jueves 19 de junio a las 19:00, en el Auditorio \u00abRodolfo&#8230; <\/p>\n<div class=\"clear\"><\/div>\n<p><a href=\"https:\/\/www.fcedu.uner.edu.ar\/medianayterceraedad\/?p=5746\" class=\"excerpt-read-more\">Read More<i class=\"fa fa-caret-right icon-caret-right\"><\/i><\/a><\/p>\n","protected":false},"author":1,"featured_media":5748,"comment_status":"open","ping_status":"open","sticky":false,"template":"","format":"standard","meta":{"footnotes":""},"categories":[1],"tags":[],"_links":{"self":[{"href":"https:\/\/www.fcedu.uner.edu.ar\/medianayterceraedad\/index.php?rest_route=\/wp\/v2\/posts\/5746"}],"collection":[{"href":"https:\/\/www.fcedu.uner.edu.ar\/medianayterceraedad\/index.php?rest_route=\/wp\/v2\/posts"}],"about":[{"href":"https:\/\/www.fcedu.uner.edu.ar\/medianayterceraedad\/index.php?rest_route=\/wp\/v2\/types\/post"}],"author":[{"embeddable":true,"href":"https:\/\/www.fcedu.uner.edu.ar\/medianayterceraedad\/index.php?rest_route=\/wp\/v2\/users\/1"}],"replies":[{"embeddable":true,"href":"https:\/\/www.fcedu.uner.edu.ar\/medianayterceraedad\/index.php?rest_route=%2Fwp%2Fv2%2Fcomments&post=5746"}],"version-history":[{"count":2,"href":"https:\/\/www.fcedu.uner.edu.ar\/medianayterceraedad\/index.php?rest_route=\/wp\/v2\/posts\/5746\/revisions"}],"predecessor-version":[{"id":5750,"href":"https:\/\/www.fcedu.uner.edu.ar\/medianayterceraedad\/index.php?rest_route=\/wp\/v2\/posts\/5746\/revisions\/5750"}],"wp:featuredmedia":[{"embeddable":true,"href":"https:\/\/www.fcedu.uner.edu.ar\/medianayterceraedad\/index.php?rest_route=\/wp\/v2\/media\/5748"}],"wp:attachment":[{"href":"https:\/\/www.fcedu.uner.edu.ar\/medianayterceraedad\/index.php?rest_route=%2Fwp%2Fv2%2Fmedia&parent=5746"}],"wp:term":[{"taxonomy":"category","embeddable":true,"href":"https:\/\/www.fcedu.uner.edu.ar\/medianayterceraedad\/index.php?rest_route=%2Fwp%2Fv2%2Fcategories&post=5746"},{"taxonomy":"post_tag","embeddable":true,"href":"https:\/\/www.fcedu.uner.edu.ar\/medianayterceraedad\/index.php?rest_route=%2Fwp%2Fv2%2Ftags&post=5746"}],"curies":[{"name":"wp","href":"https:\/\/api.w.org\/{rel}","templated":true}]}}