{"id":5751,"date":"2025-06-24T12:01:16","date_gmt":"2025-06-24T15:01:16","guid":{"rendered":"https:\/\/www.fcedu.uner.edu.ar\/medianayterceraedad\/?p=5751"},"modified":"2025-07-22T15:37:53","modified_gmt":"2025-07-22T18:37:53","slug":"estan-abiertas-las-inscripciones-a-las-propuestas-del-segundo-trimestre","status":"publish","type":"post","link":"https:\/\/www.fcedu.uner.edu.ar\/medianayterceraedad\/?p=5751","title":{"rendered":"\u00a1Est\u00e1n abiertas las inscripciones a las propuestas del segundo trimestre!"},"content":{"rendered":"<p><span style=\"font-weight: 400; color: #333333;\">El Departamento de la Mediana y Tercera Edad invita a la comunidad a inscribirse a los cursos y talleres correspondientes al segundo trimestre del 2025<\/span><\/p>\n<p><span style=\"font-weight: 400; color: #333333;\">Las inscripciones se realizar\u00e1n del <strong>23 de junio<\/strong> al<strong> 4 de julio<\/strong>, y del <strong>21 al 25 de julio<\/strong>. El inicio de clases ser\u00e1 a partir del 4 de agosto.\u00a0<\/span><\/p>\n<p><span style=\"font-weight: 400; color: #333333;\">Incorporamos nuevos cursos y talleres a la oferta vigente, sumando m\u00e1s de 40 propuestas enmarcadas en los ejes: Ciencia y Sociedad, Art\u00edsticos-Expresivos, Corporales, Psicoestimulaci\u00f3n e Idiomas. Las actividades se desarrollar\u00e1n de lunes a viernes de manera presencial y virtual en diferentes horarios de la ma\u00f1ana y la tarde.<\/span><\/p>\n<p><span style=\"color: #333333;\"><span style=\"font-weight: 400;\">El tr\u00e1mite de inscripci\u00f3n y reinscripci\u00f3n puede realizarse de manera presencial en <strong>Alameda de la Federaci\u00f3n 109\/115<\/strong> o de manera virtual al correo <\/span><strong><a style=\"color: #333333;\" href=\"mailto:dmyte.fcedu@uner.edu.ar\">dmyte.fcedu@uner.edu.ar<\/a><\/strong><span style=\"font-weight: 400;\"> de lunes a viernes de 16:00 a 19:00 horas.\u00a0<\/span><\/span><\/p>\n<p><span style=\"font-weight: 400; color: #333333;\"><strong>Importante<\/strong>: Quienes se anotaron en el primer trimestre en alg\u00fan curso o taller y desean seguir en este, es necesaria la confirmaci\u00f3n de continuidad en la propuesta.<\/span><\/p>\n<p><span style=\"color: #333333;\">Para conocer el programa completo de los cursos y talleres clickee cada imagen o ingrese<\/span><span style=\"font-weight: 400; color: #333333;\">\u00a0<span style=\"color: #333399;\"><strong><a style=\"color: #333399;\" href=\"https:\/\/drive.google.com\/file\/d\/1CiIWgn6RsRSx53j_GXO8JUMNRY8dkKGO\/view?usp=sharing\">aqu\u00ed<\/a>\u00a0<\/strong><\/span><\/span><\/p>\n<div class=\"gdlr-shortcode-wrapper\"><div class=\"gdlr-gallery-item gdlr-item\" ><div class=\"gallery-column four columns\"><div class=\"gallery-item\"><a href=\"https:\/\/www.fcedu.uner.edu.ar\/medianayterceraedad\/wp-content\/uploads\/2025\/06\/2.p.jpg\" data-fancybox-group=\"gdlr-gal-1\" data-rel=\"fancybox\" ><img src=\"https:\/\/www.fcedu.uner.edu.ar\/medianayterceraedad\/wp-content\/uploads\/2025\/06\/2.p-150x150.jpg\" alt=\"\" width=\"150\" height=\"150\" \/><\/a><span class=\"gallery-caption\"><\/span><\/div><\/div><div class=\"gallery-column four columns\"><div class=\"gallery-item\"><a href=\"https:\/\/www.fcedu.uner.edu.ar\/medianayterceraedad\/wp-content\/uploads\/2025\/06\/3.p.jpg\" data-fancybox-group=\"gdlr-gal-1\" data-rel=\"fancybox\" ><img src=\"https:\/\/www.fcedu.uner.edu.ar\/medianayterceraedad\/wp-content\/uploads\/2025\/06\/3.p-150x150.jpg\" alt=\"\" width=\"150\" height=\"150\" \/><\/a><span class=\"gallery-caption\"><\/span><\/div><\/div><div class=\"gallery-column four columns\"><div class=\"gallery-item\"><a href=\"https:\/\/www.fcedu.uner.edu.ar\/medianayterceraedad\/wp-content\/uploads\/2025\/06\/4.p.jpg\" data-fancybox-group=\"gdlr-gal-1\" data-rel=\"fancybox\" ><img src=\"https:\/\/www.fcedu.uner.edu.ar\/medianayterceraedad\/wp-content\/uploads\/2025\/06\/4.p-150x150.jpg\" alt=\"\" width=\"150\" height=\"150\" \/><\/a><span class=\"gallery-caption\"><\/span><\/div><\/div><div class=\"clear\"><\/div><\/div><\/div>\n<p><span style=\"font-weight: 400; color: #333333;\">Para preguntas e inscripciones pueden escribir al:<\/span><\/p>\n<p><span style=\"font-weight: 400; color: #333333;\">Correo: dmyte.fcedu@uner.edu.ar\u00a0<\/span><\/p>\n<p><span style=\"font-weight: 400; color: #333333;\">WhatsApp: 343 464-4681\u00a0<\/span><\/p>\n<p><span style=\"font-weight: 400; color: #333333;\">\u00a1Los esperamos para compartir un nuevo trimestre de aprendizajes y encuentros!<\/span><\/p>\n","protected":false},"excerpt":{"rendered":"<p>El Departamento de la Mediana y Tercera Edad invita a la comunidad a inscribirse a los cursos y talleres correspondientes al segundo trimestre del 2025 Las inscripciones se realizar\u00e1n del 23 de junio al 4 de julio, y del 21 al 25 de julio. El inicio de clases ser\u00e1 a partir del 4 de agosto.\u00a0&#8230; <\/p>\n<div class=\"clear\"><\/div>\n<p><a href=\"https:\/\/www.fcedu.uner.edu.ar\/medianayterceraedad\/?p=5751\" class=\"excerpt-read-more\">Read More<i class=\"fa fa-caret-right icon-caret-right\"><\/i><\/a><\/p>\n","protected":false},"author":1,"featured_media":5752,"comment_status":"open","ping_status":"open","sticky":false,"template":"","format":"standard","meta":{"footnotes":""},"categories":[1],"tags":[],"_links":{"self":[{"href":"https:\/\/www.fcedu.uner.edu.ar\/medianayterceraedad\/index.php?rest_route=\/wp\/v2\/posts\/5751"}],"collection":[{"href":"https:\/\/www.fcedu.uner.edu.ar\/medianayterceraedad\/index.php?rest_route=\/wp\/v2\/posts"}],"about":[{"href":"https:\/\/www.fcedu.uner.edu.ar\/medianayterceraedad\/index.php?rest_route=\/wp\/v2\/types\/post"}],"author":[{"embeddable":true,"href":"https:\/\/www.fcedu.uner.edu.ar\/medianayterceraedad\/index.php?rest_route=\/wp\/v2\/users\/1"}],"replies":[{"embeddable":true,"href":"https:\/\/www.fcedu.uner.edu.ar\/medianayterceraedad\/index.php?rest_route=%2Fwp%2Fv2%2Fcomments&post=5751"}],"version-history":[{"count":10,"href":"https:\/\/www.fcedu.uner.edu.ar\/medianayterceraedad\/index.php?rest_route=\/wp\/v2\/posts\/5751\/revisions"}],"predecessor-version":[{"id":5781,"href":"https:\/\/www.fcedu.uner.edu.ar\/medianayterceraedad\/index.php?rest_route=\/wp\/v2\/posts\/5751\/revisions\/5781"}],"wp:featuredmedia":[{"embeddable":true,"href":"https:\/\/www.fcedu.uner.edu.ar\/medianayterceraedad\/index.php?rest_route=\/wp\/v2\/media\/5752"}],"wp:attachment":[{"href":"https:\/\/www.fcedu.uner.edu.ar\/medianayterceraedad\/index.php?rest_route=%2Fwp%2Fv2%2Fmedia&parent=5751"}],"wp:term":[{"taxonomy":"category","embeddable":true,"href":"https:\/\/www.fcedu.uner.edu.ar\/medianayterceraedad\/index.php?rest_route=%2Fwp%2Fv2%2Fcategories&post=5751"},{"taxonomy":"post_tag","embeddable":true,"href":"https:\/\/www.fcedu.uner.edu.ar\/medianayterceraedad\/index.php?rest_route=%2Fwp%2Fv2%2Ftags&post=5751"}],"curies":[{"name":"wp","href":"https:\/\/api.w.org\/{rel}","templated":true}]}}