{"id":5769,"date":"2025-06-25T14:43:25","date_gmt":"2025-06-25T17:43:25","guid":{"rendered":"https:\/\/www.fcedu.uner.edu.ar\/medianayterceraedad\/?p=5769"},"modified":"2025-06-30T08:18:09","modified_gmt":"2025-06-30T11:18:09","slug":"la-fcedu-presenta-su-programa-prejubilatorio","status":"publish","type":"post","link":"https:\/\/www.fcedu.uner.edu.ar\/medianayterceraedad\/?p=5769","title":{"rendered":"La FCEDU presenta su Programa Prejubilatorio"},"content":{"rendered":"<p><span style=\"color: #333333;\">Publicaci\u00f3n original: <a style=\"color: #333333;\" href=\"\/\/www.fcedu.uner.edu.ar\/\">Portal de la Facultad de Ciencias de la Educaci\u00f3n<\/a> de la Universidad Nacional de Entre R\u00edos.<\/span><\/p>\n<p><span style=\"color: #333333;\">La Facultad de Ciencias de la Educaci\u00f3n de la Universidad Nacional de Entre R\u00edos invita a la presentaci\u00f3n del Programa Prejubilatorio, una iniciativa orientada a acompa\u00f1ar al personal pr\u00f3ximo a su retiro laboral. El encuentro se realizar\u00e1 el martes 1 de julio a las 17:00 en el Aula A de la sede ubicada en Buenos Aires 389, en la ciudad de Paran\u00e1. La actividad tendr\u00e1 modalidad h\u00edbrida.<\/span><\/p>\n<div>\n<div dir=\"auto\">\n<p><span style=\"color: #333333;\">Este programa, aprobado por Resoluci\u00f3n del Consejo Directivo N\u00b0 122\/25, tiene como prop\u00f3sito brindar herramientas para la planificaci\u00f3n del retiro y generar espacios de reflexi\u00f3n sobre los cambios que esta etapa implica a nivel personal, familiar y social. Adem\u00e1s, busca promover el desarrollo de nuevos proyectos y habilidades post-jubilaci\u00f3n.<\/span><\/p>\n<p><span style=\"color: #333333;\">Durante la presentaci\u00f3n se compartir\u00e1 el enfoque general del Programa, a cargo de autoridades y del equipo de trabajo que lo impulsa. Tambi\u00e9n participar\u00e1 como invitado especial el abogado Matias Leonardo Laise, profesional referente en temas previsionales que actualmente se desempe\u00f1a en la Administraci\u00f3n Nacional de la Seguridad Social (ANSES).<\/span><\/p>\n<p><span style=\"color: #333333;\">La propuesta est\u00e1 destinada a trabajadoras y trabajadores de la Facultad que se encuentren a dos a\u00f1os de alcanzar los requisitos jubilatorios. La implementaci\u00f3n de este tipo de programas se valora como una pol\u00edtica concreta que responde a las necesidades de un sector de la comunidad universitaria que se encuentra en un momento clave de transici\u00f3n.<\/span><\/p>\n<p><span style=\"color: #333333;\">Se invita especialmente al personal interesado a participar de este primer encuentro.<\/span><\/p>\n<\/div>\n<\/div>\n","protected":false},"excerpt":{"rendered":"<p>Publicaci\u00f3n original: Portal de la Facultad de Ciencias de la Educaci\u00f3n de la Universidad Nacional de Entre R\u00edos. La Facultad de Ciencias de la Educaci\u00f3n de la Universidad Nacional de Entre R\u00edos invita a la presentaci\u00f3n del Programa Prejubilatorio, una iniciativa orientada a acompa\u00f1ar al personal pr\u00f3ximo a su retiro laboral. El encuentro se realizar\u00e1&#8230; <\/p>\n<div class=\"clear\"><\/div>\n<p><a href=\"https:\/\/www.fcedu.uner.edu.ar\/medianayterceraedad\/?p=5769\" class=\"excerpt-read-more\">Read More<i class=\"fa fa-caret-right icon-caret-right\"><\/i><\/a><\/p>\n","protected":false},"author":1,"featured_media":5770,"comment_status":"open","ping_status":"open","sticky":false,"template":"","format":"standard","meta":{"footnotes":""},"categories":[1],"tags":[],"_links":{"self":[{"href":"https:\/\/www.fcedu.uner.edu.ar\/medianayterceraedad\/index.php?rest_route=\/wp\/v2\/posts\/5769"}],"collection":[{"href":"https:\/\/www.fcedu.uner.edu.ar\/medianayterceraedad\/index.php?rest_route=\/wp\/v2\/posts"}],"about":[{"href":"https:\/\/www.fcedu.uner.edu.ar\/medianayterceraedad\/index.php?rest_route=\/wp\/v2\/types\/post"}],"author":[{"embeddable":true,"href":"https:\/\/www.fcedu.uner.edu.ar\/medianayterceraedad\/index.php?rest_route=\/wp\/v2\/users\/1"}],"replies":[{"embeddable":true,"href":"https:\/\/www.fcedu.uner.edu.ar\/medianayterceraedad\/index.php?rest_route=%2Fwp%2Fv2%2Fcomments&post=5769"}],"version-history":[{"count":4,"href":"https:\/\/www.fcedu.uner.edu.ar\/medianayterceraedad\/index.php?rest_route=\/wp\/v2\/posts\/5769\/revisions"}],"predecessor-version":[{"id":5774,"href":"https:\/\/www.fcedu.uner.edu.ar\/medianayterceraedad\/index.php?rest_route=\/wp\/v2\/posts\/5769\/revisions\/5774"}],"wp:featuredmedia":[{"embeddable":true,"href":"https:\/\/www.fcedu.uner.edu.ar\/medianayterceraedad\/index.php?rest_route=\/wp\/v2\/media\/5770"}],"wp:attachment":[{"href":"https:\/\/www.fcedu.uner.edu.ar\/medianayterceraedad\/index.php?rest_route=%2Fwp%2Fv2%2Fmedia&parent=5769"}],"wp:term":[{"taxonomy":"category","embeddable":true,"href":"https:\/\/www.fcedu.uner.edu.ar\/medianayterceraedad\/index.php?rest_route=%2Fwp%2Fv2%2Fcategories&post=5769"},{"taxonomy":"post_tag","embeddable":true,"href":"https:\/\/www.fcedu.uner.edu.ar\/medianayterceraedad\/index.php?rest_route=%2Fwp%2Fv2%2Ftags&post=5769"}],"curies":[{"name":"wp","href":"https:\/\/api.w.org\/{rel}","templated":true}]}}