{"id":5775,"date":"2025-07-04T21:06:04","date_gmt":"2025-07-05T00:06:04","guid":{"rendered":"https:\/\/www.fcedu.uner.edu.ar\/medianayterceraedad\/?p=5775"},"modified":"2025-07-25T16:00:37","modified_gmt":"2025-07-25T19:00:37","slug":"participacion-del-taller-de-recreacion-coral-en-el-aniversario-del-museo-casa-de-gobierno","status":"publish","type":"post","link":"https:\/\/www.fcedu.uner.edu.ar\/medianayterceraedad\/?p=5775","title":{"rendered":"Participaci\u00f3n del Taller de Recreaci\u00f3n Coral en el Aniversario del Museo Casa de Gobierno"},"content":{"rendered":"<p><span style=\"font-weight: 400;\">Integrantes del Taller de Recreaci\u00f3n Coral, dirigidos por el profesor Marcelo Vargas, participaron en la celebraci\u00f3n del 9no aniversario del Museo Casa de Gobierno de la ciudad de Paran\u00e1.<\/span><\/p>\n<p><span style=\"font-weight: 400;\">Con una jornada abierta al p\u00fablico, el Museo perteneciente a la Secretar\u00eda de Cultura, celebr\u00f3 un nuevo aniversario de su vida institucional. La jornada comenz\u00f3 con la exhibici\u00f3n de un panel en la Sala del Poder Legislativo, y continu\u00f3 con la presentaci\u00f3n del Ciclo de Concierto Coral: <em>\u00abLos coros le cantan a Entre R\u00edos\u00bb<\/em> que cont\u00f3 con la participaci\u00f3n de diversas agrupaciones corales de la provincia, entre ellas, el Taller de Recreaci\u00f3n Coral del Departamento de la Mediana y Tercera Edad.\u00a0<\/span><\/p>\n<div class=\"gdlr-shortcode-wrapper\"><div class=\"gdlr-gallery-item gdlr-item\" ><div class=\"gallery-column four columns\"><div class=\"gallery-item\"><a href=\"https:\/\/www.fcedu.uner.edu.ar\/medianayterceraedad\/wp-content\/uploads\/2025\/07\/WhatsApp-Image-2025-07-10-at-13.30.44.jpeg\" data-fancybox-group=\"gdlr-gal-1\" data-rel=\"fancybox\" ><img src=\"https:\/\/www.fcedu.uner.edu.ar\/medianayterceraedad\/wp-content\/uploads\/2025\/07\/WhatsApp-Image-2025-07-10-at-13.30.44-150x150.jpeg\" alt=\"\" width=\"150\" height=\"150\" \/><\/a><span class=\"gallery-caption\"><\/span><\/div><\/div><div class=\"gallery-column four columns\"><div class=\"gallery-item\"><a href=\"https:\/\/www.fcedu.uner.edu.ar\/medianayterceraedad\/wp-content\/uploads\/2025\/07\/WhatsApp-Image-2025-07-10-at-13.29.17-1.jpeg\" data-fancybox-group=\"gdlr-gal-1\" data-rel=\"fancybox\" ><img src=\"https:\/\/www.fcedu.uner.edu.ar\/medianayterceraedad\/wp-content\/uploads\/2025\/07\/WhatsApp-Image-2025-07-10-at-13.29.17-1-150x150.jpeg\" alt=\"\" width=\"150\" height=\"150\" \/><\/a><span class=\"gallery-caption\"><\/span><\/div><\/div><div class=\"gallery-column four columns\"><div class=\"gallery-item\"><a href=\"https:\/\/www.fcedu.uner.edu.ar\/medianayterceraedad\/wp-content\/uploads\/2025\/07\/WhatsApp-Image-2025-07-10-at-13.29.18.jpeg\" data-fancybox-group=\"gdlr-gal-1\" data-rel=\"fancybox\" ><img src=\"https:\/\/www.fcedu.uner.edu.ar\/medianayterceraedad\/wp-content\/uploads\/2025\/07\/WhatsApp-Image-2025-07-10-at-13.29.18-150x150.jpeg\" alt=\"\" width=\"150\" height=\"150\" \/><\/a><span class=\"gallery-caption\"><\/span><\/div><\/div><div class=\"clear\"><\/div><\/div><\/div>\n","protected":false},"excerpt":{"rendered":"<p>Integrantes del Taller de Recreaci\u00f3n Coral, dirigidos por el profesor Marcelo Vargas, participaron en la celebraci\u00f3n del 9no aniversario del Museo Casa de Gobierno de la ciudad de Paran\u00e1. Con una jornada abierta al p\u00fablico, el Museo perteneciente a la Secretar\u00eda de Cultura, celebr\u00f3 un nuevo aniversario de su vida institucional. La jornada comenz\u00f3 con&#8230; <\/p>\n<div class=\"clear\"><\/div>\n<p><a href=\"https:\/\/www.fcedu.uner.edu.ar\/medianayterceraedad\/?p=5775\" class=\"excerpt-read-more\">Read More<i class=\"fa fa-caret-right icon-caret-right\"><\/i><\/a><\/p>\n","protected":false},"author":1,"featured_media":5776,"comment_status":"open","ping_status":"open","sticky":false,"template":"","format":"standard","meta":{"footnotes":""},"categories":[1],"tags":[],"_links":{"self":[{"href":"https:\/\/www.fcedu.uner.edu.ar\/medianayterceraedad\/index.php?rest_route=\/wp\/v2\/posts\/5775"}],"collection":[{"href":"https:\/\/www.fcedu.uner.edu.ar\/medianayterceraedad\/index.php?rest_route=\/wp\/v2\/posts"}],"about":[{"href":"https:\/\/www.fcedu.uner.edu.ar\/medianayterceraedad\/index.php?rest_route=\/wp\/v2\/types\/post"}],"author":[{"embeddable":true,"href":"https:\/\/www.fcedu.uner.edu.ar\/medianayterceraedad\/index.php?rest_route=\/wp\/v2\/users\/1"}],"replies":[{"embeddable":true,"href":"https:\/\/www.fcedu.uner.edu.ar\/medianayterceraedad\/index.php?rest_route=%2Fwp%2Fv2%2Fcomments&post=5775"}],"version-history":[{"count":4,"href":"https:\/\/www.fcedu.uner.edu.ar\/medianayterceraedad\/index.php?rest_route=\/wp\/v2\/posts\/5775\/revisions"}],"predecessor-version":[{"id":5786,"href":"https:\/\/www.fcedu.uner.edu.ar\/medianayterceraedad\/index.php?rest_route=\/wp\/v2\/posts\/5775\/revisions\/5786"}],"wp:featuredmedia":[{"embeddable":true,"href":"https:\/\/www.fcedu.uner.edu.ar\/medianayterceraedad\/index.php?rest_route=\/wp\/v2\/media\/5776"}],"wp:attachment":[{"href":"https:\/\/www.fcedu.uner.edu.ar\/medianayterceraedad\/index.php?rest_route=%2Fwp%2Fv2%2Fmedia&parent=5775"}],"wp:term":[{"taxonomy":"category","embeddable":true,"href":"https:\/\/www.fcedu.uner.edu.ar\/medianayterceraedad\/index.php?rest_route=%2Fwp%2Fv2%2Fcategories&post=5775"},{"taxonomy":"post_tag","embeddable":true,"href":"https:\/\/www.fcedu.uner.edu.ar\/medianayterceraedad\/index.php?rest_route=%2Fwp%2Fv2%2Ftags&post=5775"}],"curies":[{"name":"wp","href":"https:\/\/api.w.org\/{rel}","templated":true}]}}