{"id":5931,"date":"2025-12-01T17:58:30","date_gmt":"2025-12-01T20:58:30","guid":{"rendered":"https:\/\/www.fcedu.uner.edu.ar\/medianayterceraedad\/?p=5931"},"modified":"2025-12-01T18:17:57","modified_gmt":"2025-12-01T21:17:57","slug":"el-taller-de-teatro-presenta-mujeres-de-alberto-brandi","status":"publish","type":"post","link":"https:\/\/www.fcedu.uner.edu.ar\/medianayterceraedad\/?p=5931","title":{"rendered":"El Taller de Teatro presenta \u201cMujeres\u201d de Alberto Brandi"},"content":{"rendered":"<p><span style=\"font-weight: 400; color: #000000;\">El jueves <strong>11 de diciembre<\/strong> a las <strong>20:30<\/strong> horas en el Auditorio Rodolfo Walsh (Buenos Aires 389), el <strong>Taller de Teatro<\/strong> coordinado por la profesora Rosario \u201cCharo\u201d Montiel presentar\u00e1 <strong>\u00abMujeres\u00bb de Alberto Brandi<\/strong>.<\/span><\/p>\n<p>&nbsp;<\/p>\n<p><span style=\"font-weight: 400; color: #000000;\">Alberto Brandi es el autor de la obra de teatro MUJERES que estrenar\u00e1 el Taller de Teatro del Departamento de la Mediana y Tercera Edad de la FCEedu-UNER.<\/span><\/p>\n<p><span style=\"font-weight: 400; color: #000000;\">El autor naci\u00f3 en Buenos Aires pero desde\u00a0 hace m\u00e1s de tres d\u00e9cadas reside en General Roca, R\u00edo Negro. Es abogado, estudi\u00f3 Bellas Artes en Macalester Collage-Minnesota-EEUU. Es escritor, poeta y dramaturgo.<\/span><\/p>\n<p><span style=\"font-weight: 400; color: #000000;\">MUJERES fue escrita en el a\u00f1o 1985: cuenta con seis personajes, ubicados en la d\u00e9cada del 50, 70 y 80 que comparten en una l\u00ednea de tiempo un com\u00fan denominador: la casa.<\/span><\/p>\n<p><span style=\"font-weight: 400; color: #000000;\">Hogar, refugio, dep\u00f3sito donde las historias de sus habitantes la colman de sombras, soledades, fantasmas, voces, frustraciones, risas y palabras cargadas de sentimientos.<\/span><\/p>\n<p><span style=\"font-weight: 400; color: #000000;\">El autor invita a reflexionar acerca de los v\u00ednculos, la comunicaci\u00f3n , la vejez y nuestra condici\u00f3n humana.<\/span><\/p>\n<p><span style=\"font-weight: 400; color: #000000;\">Las int\u00e9rpretes son Teresita De Sim\u00f3n; Iridia Escobar; Martha Gabioud; Petty L\u00f3pez; Sylvia Mayer y Mirta M\u00fcller.<\/span><\/p>\n<p><span style=\"font-weight: 400; color: #000000;\">La escenograf\u00eda, vestuario y maquillaje estar\u00e1 a cargo de Maximiliano Santos, en Iluminaci\u00f3n Carina Olivera y en la Direcci\u00f3n Charo Montiel.<\/span><\/p>\n<p>&nbsp;<\/p>\n<p><span style=\"font-weight: 400; color: #000000;\">Esta actividad es <strong>libre y abierta<\/strong> al p\u00fablico en general, con un <strong>bono voluntario de $4000<\/strong> para colaborar con la Asociaci\u00f3n Universitaria de la Mediana y la Tercera Edad.<\/span><\/p>\n<p><span style=\"font-weight: 400; color: #000000;\">\u00a1Las y los esperamos!<\/span><\/p>\n","protected":false},"excerpt":{"rendered":"<p>El jueves 11 de diciembre a las 20:30 horas en el Auditorio Rodolfo Walsh (Buenos Aires 389), el Taller de Teatro coordinado por la profesora Rosario \u201cCharo\u201d Montiel presentar\u00e1 \u00abMujeres\u00bb de Alberto Brandi. &nbsp; Alberto Brandi es el autor de la obra de teatro MUJERES que estrenar\u00e1 el Taller de Teatro del Departamento de la&#8230; <\/p>\n<div class=\"clear\"><\/div>\n<p><a href=\"https:\/\/www.fcedu.uner.edu.ar\/medianayterceraedad\/?p=5931\" class=\"excerpt-read-more\">Read More<i class=\"fa fa-caret-right icon-caret-right\"><\/i><\/a><\/p>\n","protected":false},"author":1,"featured_media":5932,"comment_status":"open","ping_status":"open","sticky":false,"template":"","format":"standard","meta":{"footnotes":""},"categories":[1],"tags":[],"_links":{"self":[{"href":"https:\/\/www.fcedu.uner.edu.ar\/medianayterceraedad\/index.php?rest_route=\/wp\/v2\/posts\/5931"}],"collection":[{"href":"https:\/\/www.fcedu.uner.edu.ar\/medianayterceraedad\/index.php?rest_route=\/wp\/v2\/posts"}],"about":[{"href":"https:\/\/www.fcedu.uner.edu.ar\/medianayterceraedad\/index.php?rest_route=\/wp\/v2\/types\/post"}],"author":[{"embeddable":true,"href":"https:\/\/www.fcedu.uner.edu.ar\/medianayterceraedad\/index.php?rest_route=\/wp\/v2\/users\/1"}],"replies":[{"embeddable":true,"href":"https:\/\/www.fcedu.uner.edu.ar\/medianayterceraedad\/index.php?rest_route=%2Fwp%2Fv2%2Fcomments&post=5931"}],"version-history":[{"count":4,"href":"https:\/\/www.fcedu.uner.edu.ar\/medianayterceraedad\/index.php?rest_route=\/wp\/v2\/posts\/5931\/revisions"}],"predecessor-version":[{"id":5936,"href":"https:\/\/www.fcedu.uner.edu.ar\/medianayterceraedad\/index.php?rest_route=\/wp\/v2\/posts\/5931\/revisions\/5936"}],"wp:featuredmedia":[{"embeddable":true,"href":"https:\/\/www.fcedu.uner.edu.ar\/medianayterceraedad\/index.php?rest_route=\/wp\/v2\/media\/5932"}],"wp:attachment":[{"href":"https:\/\/www.fcedu.uner.edu.ar\/medianayterceraedad\/index.php?rest_route=%2Fwp%2Fv2%2Fmedia&parent=5931"}],"wp:term":[{"taxonomy":"category","embeddable":true,"href":"https:\/\/www.fcedu.uner.edu.ar\/medianayterceraedad\/index.php?rest_route=%2Fwp%2Fv2%2Fcategories&post=5931"},{"taxonomy":"post_tag","embeddable":true,"href":"https:\/\/www.fcedu.uner.edu.ar\/medianayterceraedad\/index.php?rest_route=%2Fwp%2Fv2%2Ftags&post=5931"}],"curies":[{"name":"wp","href":"https:\/\/api.w.org\/{rel}","templated":true}]}}