{"id":5951,"date":"2026-03-05T14:59:30","date_gmt":"2026-03-05T17:59:30","guid":{"rendered":"https:\/\/www.fcedu.uner.edu.ar\/medianayterceraedad\/?p=5951"},"modified":"2026-03-20T18:50:54","modified_gmt":"2026-03-20T21:50:54","slug":"abrieron-las-inscripciones-a-los-cursos-y-talleres-del-1er-trimestre-2026","status":"publish","type":"post","link":"https:\/\/www.fcedu.uner.edu.ar\/medianayterceraedad\/?p=5951","title":{"rendered":"Abrieron las inscripciones a los cursos y talleres del 1er trimestre 2026"},"content":{"rendered":"<p>Hasta el viernes 27 de marzo estar\u00e1n abiertas las inscripciones para los cursos y talleres del Departamento de la Mediana y Tercera Edad. Las mismas se pueden realizar de modo presencial de lunes a viernes, de 16:00 a 19:00, en Alameda de la Federaci\u00f3n 109\/115 o a trav\u00e9s del mail\u00a0<a href=\"mailto:dmyte.fcedu@uner.edu.ar\">dmyte.fcedu@uner.edu.ar\u00a0<\/a>o por Whatsapp 3434571826.<\/p>\n<p>Este a\u00f1o se suman nuevas propuestas: Taller Literario I: <em>Vamos a contar historias<\/em>\u00a0\u2013 Prof. Fabi\u00e1n Reato;\u00a0<em>L\u00edderArte: el arte de liderarnos a nosotros mismos<\/em> \u2013 Prof. Felicitas Riestra; <em>Cultivando bienestar:<\/em> <em>\u00abPlantas que curan y alimentan<\/em>\u00bb \u2013 Prof. a Mariana de los \u00c1ngeles Bertos; <em>Fotograf\u00eda Inicial<\/em>\u00a0\u2013 Prof Ra\u00fal Perriere;\u00a0<em>Alfabetizaci\u00f3n financiera: Desde las criptomonedas a la moda circular<\/em>\u00a0\u2013 Prof. Augusto Baudino;\u00a0<em>Formaci\u00f3n de narradores<\/em>\u00a0\u2013 Profs. Victor Villaraza\/Silvia Schierloh;\u00a0<em>Dise\u00f1o de interiores y el arte de habitar<\/em> (virtual) Prof. Leandro Albornoz; <em>Proyecto ocupacional y tiempo libre\u2013 <\/em>Prof. Alejandra Vega; <em>Humor Gr\u00e1fico e Historieta Humor\u00edstica<\/em>\u00a0\u2013 Prof. Maximiliano Sanguinetti;\u00a0<em>Producci\u00f3n sonora: Podcast<\/em>\u00a0\u2013 Prof. Oscar Bosetti;\u00a0<em>Taller de Historia de los Cines de Paran\u00e1<\/em>\u00a0\u2013 Prof. Claudio Ca\u00f1ete; y Taller:\u00a0<em>Pensarnos en la trama de la IA<\/em>\u00a0\u2013 Prof. Candela San Rom\u00e1n.<\/p>\n<p>Adem\u00e1s, contin\u00faan las propuestas habituales art\u00edsticoexpresivas, corporales, salud y bienestar, de estimulaci\u00f3n cognitiva y de ciencia y sociedad.<\/p>\n<p><strong>Programa completo<\/strong>:<\/p>\n<div class=\"gdlr-shortcode-wrapper\"><div class=\"gdlr-gallery-item gdlr-item\" ><div class=\"gallery-column three columns\"><div class=\"gallery-item\"><a href=\"https:\/\/www.fcedu.uner.edu.ar\/medianayterceraedad\/wp-content\/uploads\/2026\/03\/1-1.png\" data-fancybox-group=\"gdlr-gal-1\" data-rel=\"fancybox\" ><img src=\"https:\/\/www.fcedu.uner.edu.ar\/medianayterceraedad\/wp-content\/uploads\/2026\/03\/1-1-150x150.png\" alt=\"\" width=\"150\" height=\"150\" \/><\/a><span class=\"gallery-caption\"><\/span><\/div><\/div><div class=\"gallery-column three columns\"><div class=\"gallery-item\"><a href=\"https:\/\/www.fcedu.uner.edu.ar\/medianayterceraedad\/wp-content\/uploads\/2026\/03\/2-1.png\" data-fancybox-group=\"gdlr-gal-1\" data-rel=\"fancybox\" ><img src=\"https:\/\/www.fcedu.uner.edu.ar\/medianayterceraedad\/wp-content\/uploads\/2026\/03\/2-1-150x150.png\" alt=\"\" width=\"150\" height=\"150\" \/><\/a><span class=\"gallery-caption\"><\/span><\/div><\/div><div class=\"gallery-column three columns\"><div class=\"gallery-item\"><a href=\"https:\/\/www.fcedu.uner.edu.ar\/medianayterceraedad\/wp-content\/uploads\/2026\/03\/3-1.png\" data-fancybox-group=\"gdlr-gal-1\" data-rel=\"fancybox\" ><img src=\"https:\/\/www.fcedu.uner.edu.ar\/medianayterceraedad\/wp-content\/uploads\/2026\/03\/3-1-150x150.png\" alt=\"\" width=\"150\" height=\"150\" \/><\/a><span class=\"gallery-caption\"><\/span><\/div><\/div><div class=\"gallery-column three columns\"><div class=\"gallery-item\"><a href=\"https:\/\/www.fcedu.uner.edu.ar\/medianayterceraedad\/wp-content\/uploads\/2026\/03\/4.png\" data-fancybox-group=\"gdlr-gal-1\" data-rel=\"fancybox\" ><img src=\"https:\/\/www.fcedu.uner.edu.ar\/medianayterceraedad\/wp-content\/uploads\/2026\/03\/4-150x150.png\" alt=\"\" width=\"150\" height=\"150\" \/><\/a><span class=\"gallery-caption\"><\/span><\/div><\/div><div class=\"clear\"><\/div><\/div><\/div>\n","protected":false},"excerpt":{"rendered":"<p>Hasta el viernes 27 de marzo estar\u00e1n abiertas las inscripciones para los cursos y talleres del Departamento de la Mediana y Tercera Edad. Las mismas se pueden realizar de modo presencial de lunes a viernes, de 16:00 a 19:00, en Alameda de la Federaci\u00f3n 109\/115 o a trav\u00e9s del mail\u00a0dmyte.fcedu@uner.edu.ar\u00a0o por Whatsapp 3434571826. Este a\u00f1o&#8230; <\/p>\n<div class=\"clear\"><\/div>\n<p><a href=\"https:\/\/www.fcedu.uner.edu.ar\/medianayterceraedad\/?p=5951\" class=\"excerpt-read-more\">Read More<i class=\"fa fa-caret-right icon-caret-right\"><\/i><\/a><\/p>\n","protected":false},"author":1,"featured_media":5960,"comment_status":"open","ping_status":"open","sticky":false,"template":"","format":"standard","meta":{"footnotes":""},"categories":[1],"tags":[],"_links":{"self":[{"href":"https:\/\/www.fcedu.uner.edu.ar\/medianayterceraedad\/index.php?rest_route=\/wp\/v2\/posts\/5951"}],"collection":[{"href":"https:\/\/www.fcedu.uner.edu.ar\/medianayterceraedad\/index.php?rest_route=\/wp\/v2\/posts"}],"about":[{"href":"https:\/\/www.fcedu.uner.edu.ar\/medianayterceraedad\/index.php?rest_route=\/wp\/v2\/types\/post"}],"author":[{"embeddable":true,"href":"https:\/\/www.fcedu.uner.edu.ar\/medianayterceraedad\/index.php?rest_route=\/wp\/v2\/users\/1"}],"replies":[{"embeddable":true,"href":"https:\/\/www.fcedu.uner.edu.ar\/medianayterceraedad\/index.php?rest_route=%2Fwp%2Fv2%2Fcomments&post=5951"}],"version-history":[{"count":6,"href":"https:\/\/www.fcedu.uner.edu.ar\/medianayterceraedad\/index.php?rest_route=\/wp\/v2\/posts\/5951\/revisions"}],"predecessor-version":[{"id":5970,"href":"https:\/\/www.fcedu.uner.edu.ar\/medianayterceraedad\/index.php?rest_route=\/wp\/v2\/posts\/5951\/revisions\/5970"}],"wp:featuredmedia":[{"embeddable":true,"href":"https:\/\/www.fcedu.uner.edu.ar\/medianayterceraedad\/index.php?rest_route=\/wp\/v2\/media\/5960"}],"wp:attachment":[{"href":"https:\/\/www.fcedu.uner.edu.ar\/medianayterceraedad\/index.php?rest_route=%2Fwp%2Fv2%2Fmedia&parent=5951"}],"wp:term":[{"taxonomy":"category","embeddable":true,"href":"https:\/\/www.fcedu.uner.edu.ar\/medianayterceraedad\/index.php?rest_route=%2Fwp%2Fv2%2Fcategories&post=5951"},{"taxonomy":"post_tag","embeddable":true,"href":"https:\/\/www.fcedu.uner.edu.ar\/medianayterceraedad\/index.php?rest_route=%2Fwp%2Fv2%2Ftags&post=5951"}],"curies":[{"name":"wp","href":"https:\/\/api.w.org\/{rel}","templated":true}]}}