{"id":5971,"date":"2026-04-22T23:44:21","date_gmt":"2026-04-23T02:44:21","guid":{"rendered":"https:\/\/www.fcedu.uner.edu.ar\/medianayterceraedad\/?p=5971"},"modified":"2026-04-22T23:44:40","modified_gmt":"2026-04-23T02:44:40","slug":"el-club-de-narradores-abre-sus-puertas-y-sale-a-narrar","status":"publish","type":"post","link":"https:\/\/www.fcedu.uner.edu.ar\/medianayterceraedad\/?p=5971","title":{"rendered":"El Club de Narradores abre sus puertas y sale a narrar"},"content":{"rendered":"<p><span style=\"font-weight: 400;\">Integrantes del Club de Narradores participaron el mi\u00e9rcoles 22 de abril de <em>La semana de la Lectura 2026<\/em>, evento\u00a0 organizado por la Municipalidad de Paran\u00e1 en el que estudiantes de diferentes establecimientos educativos realizan actividades vinculadas a la lectura y la escritura.\u00a0<\/span><\/p>\n<p><span style=\"font-weight: 400;\">La jornada se desarroll\u00f3 en la plaza Petit Pisant, ubicada en el Parque Urquiza de la ciudad. All\u00ed se dispusieron diferentes postas por las que circularon grupos de j\u00f3venes de distintas escuelas secundarias.\u00a0<\/span><\/p>\n<p><span style=\"font-weight: 400;\">En esta oportunidad, las narradoras Liliana Denis, Silvia Moreyra y Emilce Wernli fueron las encargadas de representar al Departamento de la Mediana y la Tercera Edad, con su participaci\u00f3n en el stand de narraci\u00f3n.\u00a0<\/span><\/p>\n<p><span style=\"font-weight: 400;\">Las instituciones que compartieron este espacio de escucha fueron, la Escuela N\u00b051 Profesora Cecilia In\u00e9s Greca, Escuela N\u00b048 Congreso de Oriente, Escuela N\u00b054 Jorge Luis Borges y la ENET N\u00b05 Malvinas Argentinas.\u00a0\u00a0<\/span><\/p>\n<p><span style=\"font-weight: 400;\">Sin embargo, esta no fue la \u00fanica actividad a la que asistieron en el d\u00eda. Durante la jornada matutina, las mismas narradoras visitaron la Escuela Primaria\u00a0 N\u00b011 Provincia de Santa Fe, donde se encontraron con un p\u00fablico infantil. All\u00ed ofrecieron, como ellas mismas dicen, \u201cun pedacito de su alma\u201d a trav\u00e9s de sus relatos, y recibieron a cambio el cari\u00f1o de los ni\u00f1os, expresado en cartas de agradecimiento.\u00a0<\/span><\/p>\n<p>&nbsp;<\/p>\n<p><b>Tejer puentes hacia la comunidad:<\/b><span style=\"font-weight: 400;\">\u00a0<\/span><\/p>\n<p><span style=\"font-weight: 400;\">Desde hace 33 a\u00f1os, el Club de Narradores del Departamento de la Mediana y la Tercera Edad de la Facultad de Ciencias de la Educaci\u00f3n, lleva sus historias a distintos espacios: escuelas, bibliotecas, clubes y tambi\u00e9n escenarios al aire libre. Muchas veces, su compromiso las impulsa a recorrer dos e incluso tres instituciones en un mismo d\u00eda.<\/span><\/p>\n<p><span style=\"font-weight: 400;\">Al comenzar, suelen presentarse con una frase que resume su esencia: \u201cnosotras tambi\u00e9n somos estudiantes, estudiamos para transmitirles lo mejor\u201d. Para cada encuentro seleccionan historias que conmueven, que despiertan imaginaci\u00f3n, que interpelan. No s\u00f3lo se trata de narrar, si no, de transformar cuentos en puertas hacia la comunidad.\u00a0<\/span><\/p>\n<p><span style=\"font-weight: 400;\">\u201c\u00bfPor qu\u00e9 nacen los narradores?\u201d, se preguntaba una de ellas. La respuesta surge al instante: porque hay alguien que est\u00e1 dispuesto a escuchar. Y es en esa escucha donde verdaderamente nace el encuentro.\u00a0<\/span><\/p>\n<p>&nbsp;<\/p>\n<p><b>Contacto:<\/b><\/p>\n<p><span style=\"font-weight: 400;\">Las integrantes del Club de Narradores contin\u00faan realizando visitas y reuniones en distintos espacios de la comunidad. Las instituciones interesadas en recibirlas pueden comunicarse a trav\u00e9s del correo <\/span><a href=\"mailto:clubnarradorespna.dmyte@gmail.com\"><span style=\"font-weight: 400;\">clubnarradorespna.dmyte@gmail.com<\/span><\/a><span style=\"font-weight: 400;\">\u00a0<\/span><\/p>\n<div class=\"gdlr-shortcode-wrapper\"><div class=\"gdlr-gallery-item gdlr-item\" ><div class=\"gallery-column three columns\"><div class=\"gallery-item\"><a href=\"https:\/\/www.fcedu.uner.edu.ar\/medianayterceraedad\/wp-content\/uploads\/2026\/04\/WhatsApp-Image-2026-04-22-at-23.23.25-9.jpeg\" data-fancybox-group=\"gdlr-gal-1\" data-rel=\"fancybox\" ><img src=\"https:\/\/www.fcedu.uner.edu.ar\/medianayterceraedad\/wp-content\/uploads\/2026\/04\/WhatsApp-Image-2026-04-22-at-23.23.25-9-150x150.jpeg\" alt=\"\" width=\"150\" height=\"150\" \/><\/a><span class=\"gallery-caption\"><\/span><\/div><\/div><div class=\"gallery-column three columns\"><div class=\"gallery-item\"><a href=\"https:\/\/www.fcedu.uner.edu.ar\/medianayterceraedad\/wp-content\/uploads\/2026\/04\/WhatsApp-Image-2026-04-22-at-23.23.25-18.jpeg\" data-fancybox-group=\"gdlr-gal-1\" data-rel=\"fancybox\" ><img src=\"https:\/\/www.fcedu.uner.edu.ar\/medianayterceraedad\/wp-content\/uploads\/2026\/04\/WhatsApp-Image-2026-04-22-at-23.23.25-18-150x150.jpeg\" alt=\"\" width=\"150\" height=\"150\" \/><\/a><span class=\"gallery-caption\"><\/span><\/div><\/div><div class=\"gallery-column three columns\"><div class=\"gallery-item\"><a href=\"https:\/\/www.fcedu.uner.edu.ar\/medianayterceraedad\/wp-content\/uploads\/2026\/04\/WhatsApp-Image-2026-04-22-at-23.23.25-15.jpeg\" data-fancybox-group=\"gdlr-gal-1\" data-rel=\"fancybox\" ><img src=\"https:\/\/www.fcedu.uner.edu.ar\/medianayterceraedad\/wp-content\/uploads\/2026\/04\/WhatsApp-Image-2026-04-22-at-23.23.25-15-150x150.jpeg\" alt=\"\" width=\"150\" height=\"150\" \/><\/a><span class=\"gallery-caption\"><\/span><\/div><\/div><div class=\"gallery-column three columns\"><div class=\"gallery-item\"><a href=\"https:\/\/www.fcedu.uner.edu.ar\/medianayterceraedad\/wp-content\/uploads\/2026\/04\/WhatsApp-Image-2026-04-22-at-23.23.25-20.jpeg\" data-fancybox-group=\"gdlr-gal-1\" data-rel=\"fancybox\" ><img src=\"https:\/\/www.fcedu.uner.edu.ar\/medianayterceraedad\/wp-content\/uploads\/2026\/04\/WhatsApp-Image-2026-04-22-at-23.23.25-20-150x150.jpeg\" alt=\"\" width=\"150\" height=\"150\" \/><\/a><span class=\"gallery-caption\"><\/span><\/div><\/div><div class=\"clear\"><\/div><div class=\"gallery-column three columns\"><div class=\"gallery-item\"><a href=\"https:\/\/www.fcedu.uner.edu.ar\/medianayterceraedad\/wp-content\/uploads\/2026\/04\/WhatsApp-Image-2026-04-22-at-21.48.13.jpeg\" data-fancybox-group=\"gdlr-gal-1\" data-rel=\"fancybox\" ><img src=\"https:\/\/www.fcedu.uner.edu.ar\/medianayterceraedad\/wp-content\/uploads\/2026\/04\/WhatsApp-Image-2026-04-22-at-21.48.13-150x150.jpeg\" alt=\"\" width=\"150\" height=\"150\" \/><\/a><span class=\"gallery-caption\"><\/span><\/div><\/div><div class=\"gallery-column three columns\"><div class=\"gallery-item\"><a href=\"https:\/\/www.fcedu.uner.edu.ar\/medianayterceraedad\/wp-content\/uploads\/2026\/04\/WhatsApp-Image-2026-04-22-at-21.48.10-2.jpeg\" data-fancybox-group=\"gdlr-gal-1\" data-rel=\"fancybox\" ><img src=\"https:\/\/www.fcedu.uner.edu.ar\/medianayterceraedad\/wp-content\/uploads\/2026\/04\/WhatsApp-Image-2026-04-22-at-21.48.10-2-150x150.jpeg\" alt=\"\" width=\"150\" height=\"150\" \/><\/a><span class=\"gallery-caption\"><\/span><\/div><\/div><div class=\"gallery-column three columns\"><div class=\"gallery-item\"><a href=\"https:\/\/www.fcedu.uner.edu.ar\/medianayterceraedad\/wp-content\/uploads\/2026\/04\/WhatsApp-Image-2026-04-22-at-11.15.05.jpeg\" data-fancybox-group=\"gdlr-gal-1\" data-rel=\"fancybox\" ><img src=\"https:\/\/www.fcedu.uner.edu.ar\/medianayterceraedad\/wp-content\/uploads\/2026\/04\/WhatsApp-Image-2026-04-22-at-11.15.05-150x150.jpeg\" alt=\"\" width=\"150\" height=\"150\" \/><\/a><span class=\"gallery-caption\"><\/span><\/div><\/div><div class=\"gallery-column three columns\"><div class=\"gallery-item\"><a href=\"https:\/\/www.fcedu.uner.edu.ar\/medianayterceraedad\/wp-content\/uploads\/2026\/04\/WhatsApp-Image-2026-04-22-at-14.46.51.jpeg\" data-fancybox-group=\"gdlr-gal-1\" data-rel=\"fancybox\" ><img src=\"https:\/\/www.fcedu.uner.edu.ar\/medianayterceraedad\/wp-content\/uploads\/2026\/04\/WhatsApp-Image-2026-04-22-at-14.46.51-150x150.jpeg\" alt=\"\" width=\"150\" height=\"150\" \/><\/a><span class=\"gallery-caption\"><\/span><\/div><\/div><div class=\"clear\"><\/div><div class=\"gallery-column three columns\"><div class=\"gallery-item\"><a href=\"https:\/\/www.fcedu.uner.edu.ar\/medianayterceraedad\/wp-content\/uploads\/2026\/04\/WhatsApp-Image-2026-04-22-at-11.15.04.jpeg\" data-fancybox-group=\"gdlr-gal-1\" data-rel=\"fancybox\" ><img src=\"https:\/\/www.fcedu.uner.edu.ar\/medianayterceraedad\/wp-content\/uploads\/2026\/04\/WhatsApp-Image-2026-04-22-at-11.15.04-150x150.jpeg\" alt=\"\" width=\"150\" height=\"150\" \/><\/a><span class=\"gallery-caption\"><\/span><\/div><\/div><div class=\"clear\"><\/div><\/div><\/div>\n","protected":false},"excerpt":{"rendered":"<p>Integrantes del Club de Narradores participaron el mi\u00e9rcoles 22 de abril de La semana de la Lectura 2026, evento\u00a0 organizado por la Municipalidad de Paran\u00e1 en el que estudiantes de diferentes establecimientos educativos realizan actividades vinculadas a la lectura y la escritura.\u00a0 La jornada se desarroll\u00f3 en la plaza Petit Pisant, ubicada en el Parque&#8230; <\/p>\n<div class=\"clear\"><\/div>\n<p><a href=\"https:\/\/www.fcedu.uner.edu.ar\/medianayterceraedad\/?p=5971\" class=\"excerpt-read-more\">Read More<i class=\"fa fa-caret-right icon-caret-right\"><\/i><\/a><\/p>\n","protected":false},"author":1,"featured_media":5976,"comment_status":"open","ping_status":"open","sticky":false,"template":"","format":"standard","meta":{"footnotes":""},"categories":[30,1],"tags":[],"_links":{"self":[{"href":"https:\/\/www.fcedu.uner.edu.ar\/medianayterceraedad\/index.php?rest_route=\/wp\/v2\/posts\/5971"}],"collection":[{"href":"https:\/\/www.fcedu.uner.edu.ar\/medianayterceraedad\/index.php?rest_route=\/wp\/v2\/posts"}],"about":[{"href":"https:\/\/www.fcedu.uner.edu.ar\/medianayterceraedad\/index.php?rest_route=\/wp\/v2\/types\/post"}],"author":[{"embeddable":true,"href":"https:\/\/www.fcedu.uner.edu.ar\/medianayterceraedad\/index.php?rest_route=\/wp\/v2\/users\/1"}],"replies":[{"embeddable":true,"href":"https:\/\/www.fcedu.uner.edu.ar\/medianayterceraedad\/index.php?rest_route=%2Fwp%2Fv2%2Fcomments&post=5971"}],"version-history":[{"count":2,"href":"https:\/\/www.fcedu.uner.edu.ar\/medianayterceraedad\/index.php?rest_route=\/wp\/v2\/posts\/5971\/revisions"}],"predecessor-version":[{"id":6010,"href":"https:\/\/www.fcedu.uner.edu.ar\/medianayterceraedad\/index.php?rest_route=\/wp\/v2\/posts\/5971\/revisions\/6010"}],"wp:featuredmedia":[{"embeddable":true,"href":"https:\/\/www.fcedu.uner.edu.ar\/medianayterceraedad\/index.php?rest_route=\/wp\/v2\/media\/5976"}],"wp:attachment":[{"href":"https:\/\/www.fcedu.uner.edu.ar\/medianayterceraedad\/index.php?rest_route=%2Fwp%2Fv2%2Fmedia&parent=5971"}],"wp:term":[{"taxonomy":"category","embeddable":true,"href":"https:\/\/www.fcedu.uner.edu.ar\/medianayterceraedad\/index.php?rest_route=%2Fwp%2Fv2%2Fcategories&post=5971"},{"taxonomy":"post_tag","embeddable":true,"href":"https:\/\/www.fcedu.uner.edu.ar\/medianayterceraedad\/index.php?rest_route=%2Fwp%2Fv2%2Ftags&post=5971"}],"curies":[{"name":"wp","href":"https:\/\/api.w.org\/{rel}","templated":true}]}}